{"id":118430,"date":"2025-12-27T13:43:14","date_gmt":"2025-12-27T13:43:14","guid":{"rendered":"https:\/\/www.europesays.com\/se\/118430\/"},"modified":"2025-12-27T13:43:14","modified_gmt":"2025-12-27T13:43:14","slug":"overgangar-infor-2026-halmstads-bk","status":"publish","type":"post","link":"https:\/\/www.europesays.com\/se\/118430\/","title":{"rendered":"\u00d6verg\u00e5ngar inf\u00f6r 2026 &#8211; Halmstads BK"},"content":{"rendered":"<p>De allsvenska lagen rustar sig inf\u00f6r n\u00e4sta \u00e5rs allsvenska.<\/p>\n<p>\n\tNedan \u00e4r en sammanst\u00e4llning p\u00e5 samtliga \u00f6verg\u00e5ngar inf\u00f6r 2026.\u00a0Endast \u00f6verg\u00e5ngar och nya l\u00e5n tas upp h\u00e4r.\u00a0\u00c5terg\u00e5ng av tidigare l\u00e5n tas ej med h\u00e4r.\u00a0G\u00e4ller t.o.m. 26 december.\n<\/p>\n<p>\tAIK<\/p>\n<p>\n\t<b>Nyf\u00f6rv\u00e4rv<\/b> Nikolaj Stajkov, IFK Haninge, Tinde Teribe, Akademin, Amel Mujanic, \u00d6rgryte IS\n<\/p>\n<p>\n\t<b>L\u00e4mnat<\/b> Anton Sal\u00e9tros, Chicago Fire FC, Thomas Isherwood, kontraktsl\u00f6s, John Guidetti, kontraktsl\u00f6s, Rasmus Bonde, kontraktsl\u00f6s, William Hofvander, \u00d6rgryte IS\n<\/p>\n<p>\tBK H\u00e4cken<\/p>\n<p>\n\t<b>Nyf\u00f6rv\u00e4rv<\/b> Abdoulaye Doumbia, ASEC Mimosas, Harry Hilvenius, Akademin, Moustapha Mouhamadou Mbengue, Cayor Foot, Filip Helander, Omonia Nicosia (tid. l\u00e5n)\n<\/p>\n<p>\n\t<b>L\u00e4mnat<\/b> Peter Abrahamsson, slutar, Oscar Jansson, kontraktsl\u00f6s\n<\/p>\n<p>\tDegerfors IF<\/p>\n<p>\n\t<b>Nyf\u00f6rv\u00e4rv<\/b> Yiriyon Gideon, Inter Allies FC\n<\/p>\n<p>\n\t<b>L\u00e4mnat<\/b> Leon Hien, Djurg\u00e5rdens IF, Maill Lundgren, Shelbourne FC\n<\/p>\n<p>\tDjurg\u00e5rdens IF<\/p>\n<p>\n\t<b>Nyf\u00f6rv\u00e4rv<\/b> Christopher Sliwo, Akademin, Leon Hien, Degerfors IF\n<\/p>\n<p>\n\t<b>L\u00e4mnat<\/b> Rasmus Sch\u00fcller, kontaktsl\u00f6s, Keita Kosugi, Eintracht Frankfurt, Albin Ekdahl, slutar\n<\/p>\n<p>\tGAIS<\/p>\n<p>\n\t<b>Nyf\u00f6rv\u00e4rv<\/b> Samuel Salter, Atletico Ottawa, Blessing Asumang, \u00d6rebro SK, Max Andersson, Norrby IF\n<\/p>\n<p>\n\t<b>L\u00e4mnat<\/b> Edvin Becirovic, kontraktsl\u00f6s\n<\/p>\n<p>\tHalmstads BK<\/p>\n<p>\n\t<b>Nyf\u00f6rv\u00e4rv<\/b> Erko T\u00f5ugjas, FC Flora Tallinn, Hjalmar \u00c5berg, Akademin, Olle Johansson, Akademin\n<\/p>\n<p>\n\t<b>L\u00e4mnat<\/b> Gisli Eyj\u00f3lfsson, IA Akranes, Pawel Chrupalla, Egersunds IK, Naeem Mohammed, kontraktsl\u00f6s, Marcus Olsson (bilden), kontraktsl\u00f6s\n<\/p>\n<p>\tHammarby IF<\/p>\n<p>\n\t<b>Nyf\u00f6rv\u00e4rv<\/b> Oscar Steinke Br\u00e5nby, Hammarby TFF\n<\/p>\n<p>\n\t<b>L\u00e4mnat<\/b> Jacob Ouro Ortmark, kontraktsl\u00f6s, Simon Strand, IF Brommapojkarna\n<\/p>\n<p>\n\t<b>Ny tr\u00e4nare<\/b> Kalle Karlsson\n<\/p>\n<p>IF Brommapojkarna<\/p>\n<p>\n\t<b>Nyf\u00f6rv\u00e4rv<\/b> Simon Strand, Hammarby IF, Jordan Simpson, Hammarby TFF, Rasmus Bergvall, Akademin\n<\/p>\n<p>\n\t<b>L\u00e4mnat<\/b> Love Arrhov, Eintracht Frankfurt, Ezekiel Alladoh, Philadelphia Union, Andr\u00e9 Calisir, kontraktsl\u00f6s, Eric Bj\u00f6rkander, kontraktsl\u00f6s, Even Hovland, kontraktsl\u00f6s\n<\/p>\n<p>\tIF Elfsborg<\/p>\n<p>\n\t<b>Nyf\u00f6rv\u00e4rv<\/b> &#8211;\n<\/p>\n<p>\n\t<b>L\u00e4mnat<\/b> Johan Larsson, slutat, Daniel Granli, kontraktsl\u00f6s, Jens Jakob Thomasen, kontraktsl\u00f6s\n<\/p>\n<p>\tIFK G\u00f6teborg<\/p>\n<p>\n\t<b>Nyf\u00f6rv\u00e4rv<\/b> Filip Ottosson, Sandefjord, Leo Radakovic, Akademin, Alexander Jallow, kontraktsl\u00f6s (tidigare Brescia), Gabriel Ersoy, Vasalunds IF\n<\/p>\n<p>\n\t<b>L\u00e4mnat<\/b> Gustav Svensson, slutat, Linus Carlstrand, \u00d6sters IF, Pontus Dahlberg, Lillestr\u00f6m SK\n<\/p>\n<p>\tIK Sirius<\/p>\n<p>\n\t<b>Nyf\u00f6rv\u00e4rv<\/b> &#8211;\u00a0\n<\/p>\n<p>\n\t<b>L\u00e4mnat<\/b> Dennis Widgren, kontraktsl\u00f6s, Herman Sj\u00f6grell, kontraktsl\u00f6s, Tobias Carlsson, kontraktsl\u00f6s, Filip Olsson, kontraktsl\u00f6s\n<\/p>\n<p>\tKalmar FF<\/p>\n<p>\n\t<b>Nyf\u00f6rv\u00e4rv<\/b> Casper Andersson, FK Karlskrona\n<\/p>\n<p>\n\t<b>L\u00e4mnat<\/b> Saku Yl\u00e4tupa, kontraktsl\u00f6s\n<\/p>\n<p>\tMalm\u00f6 FF<\/p>\n<p>\n\t<b>Nyf\u00f6rv\u00e4rv<\/b> Theodor Lundbergh, Akademin, Jovan Milosavljevic, FK Zeleznicar Pancevo, Sashwat Rana, Akademin\n<\/p>\n<p>\n\t<b>L\u00e4mnat<\/b> &#8211;\u00a0\n<\/p>\n<p>\n\t<b>Ny tr\u00e4nare<\/b> Miguel \u00c1ngel Ram\u00edrez\n<\/p>\n<p>\tMj\u00e4llby AIF<\/p>\n<p>\n\t<b>Nyf\u00f6rv\u00e4rv<\/b> Ibrahim Adewale, Tripple 44 football Academy, Teo Helge, Norrby IF, Robin Wallinder, \u00d6sters IF, Zebedee Kennedy, GIF Sundsvall, Amar Dzevlan, Hammarby TFF\n<\/p>\n<p>\n\t<b>L\u00e4mnat<\/b> Noel T\u00f6rnqvist, Como 1907, Alexander Johansson, kontraktsl\u00f6s, Adam Petersson, kontraktsl\u00f6s, Manasse Kusu, \u00d6rebro SK (l\u00e5n)\n<\/p>\n<p>\n\t<b>Ny tr\u00e4nare<\/b> Karl Marius Aksum\n<\/p>\n<p>\tV\u00e4ster\u00e5s SK<\/p>\n<p>\n\t<b>Nyf\u00f6rv\u00e4rv<\/b> Levi Hansas, Akademin, Hugo Bj\u00f6rk, IK Franke, Lucas Sibelius, Falkenbergs FF\n<\/p>\n<p>\n\t<b>L\u00e4mnat<\/b> Simon Johansson, slutat, Pedro Riberio, kontraktsl\u00f6s, Julius Johansson, Norrby IF, Tim Harzell, kontraktsl\u00f6s, Hugo Bj\u00f6rk, Skiljebo SK, Pedro Riberio, Skiljebo SK\n<\/p>\n<p>\n\t<b>Ny tr\u00e4nare<\/b> Alexander Rubin\n<\/p>\n<p>\t\u00d6rgryte IS<\/p>\n<p>\n\t<b>Nyf\u00f6rv\u00e4rv<\/b> Marion Ebietomere, Akademin, Lucas Samuelsson, V\u00e4stra Fr\u00f6lunda IF, William Alder, Jonsereds IF, William Hofvander, AIK, Philip Bergqvist, Akademin, Love Kyhl\u00e9n, Akademin, Rasmus Alm, St. Louis City SC, Sebastian Lagerlund, Utsiktens BK\n<\/p>\n<p>\n\t<b>L\u00e4mnat<\/b> Isak Dahlqvist, FC Blau-Weiss Linz, Ibrahim Ahmed, kontraktsl\u00f6s, Rami Jasim, kontraktsl\u00f6s, William Alder, kontraktsl\u00f6s, Niklas B\u00e4rkroth, slutar, Amel Mujanic, AIK\n<\/p>\n<p>\tFakta: fotbolltransfers.com<\/p>\n","protected":false},"excerpt":{"rendered":"De allsvenska lagen rustar sig inf\u00f6r n\u00e4sta \u00e5rs allsvenska. Nedan \u00e4r en sammanst\u00e4llning p\u00e5 samtliga \u00f6verg\u00e5ngar inf\u00f6r 2026.\u00a0Endast&hellip;\n","protected":false},"author":2,"featured_media":118431,"comment_status":"","ping_status":"","sticky":false,"template":"","format":"standard","meta":{"footnotes":""},"categories":[68],"tags":[34,111,110,31,33,32,30],"class_list":{"0":"post-118430","1":"post","2":"type-post","3":"status-publish","4":"format-standard","5":"has-post-thumbnail","7":"category-sport","8":"tag-se","9":"tag-sport","10":"tag-sports","11":"tag-svenska","12":"tag-sverige","13":"tag-sweden","14":"tag-swedish"},"share_on_mastodon":{"url":"https:\/\/pubeurope.com\/@se\/115791829795325597","error":""},"_links":{"self":[{"href":"https:\/\/www.europesays.com\/se\/wp-json\/wp\/v2\/posts\/118430","targetHints":{"allow":["GET"]}}],"collection":[{"href":"https:\/\/www.europesays.com\/se\/wp-json\/wp\/v2\/posts"}],"about":[{"href":"https:\/\/www.europesays.com\/se\/wp-json\/wp\/v2\/types\/post"}],"author":[{"embeddable":true,"href":"https:\/\/www.europesays.com\/se\/wp-json\/wp\/v2\/users\/2"}],"replies":[{"embeddable":true,"href":"https:\/\/www.europesays.com\/se\/wp-json\/wp\/v2\/comments?post=118430"}],"version-history":[{"count":0,"href":"https:\/\/www.europesays.com\/se\/wp-json\/wp\/v2\/posts\/118430\/revisions"}],"wp:featuredmedia":[{"embeddable":true,"href":"https:\/\/www.europesays.com\/se\/wp-json\/wp\/v2\/media\/118431"}],"wp:attachment":[{"href":"https:\/\/www.europesays.com\/se\/wp-json\/wp\/v2\/media?parent=118430"}],"wp:term":[{"taxonomy":"category","embeddable":true,"href":"https:\/\/www.europesays.com\/se\/wp-json\/wp\/v2\/categories?post=118430"},{"taxonomy":"post_tag","embeddable":true,"href":"https:\/\/www.europesays.com\/se\/wp-json\/wp\/v2\/tags?post=118430"}],"curies":[{"name":"wp","href":"https:\/\/api.w.org\/{rel}","templated":true}]}}