{"id":118438,"date":"2025-12-27T13:49:08","date_gmt":"2025-12-27T13:49:08","guid":{"rendered":"https:\/\/www.europesays.com\/se\/118438\/"},"modified":"2025-12-27T13:49:08","modified_gmt":"2025-12-27T13:49:08","slug":"ryssland-bedriver-krig-om-historien-janerik-larsson","status":"publish","type":"post","link":"https:\/\/www.europesays.com\/se\/118438\/","title":{"rendered":"Ryssland bedriver krig om historien | Janerik Larsson"},"content":{"rendered":"<p>Det h\u00e4r \u00e4r en text fr\u00e5n SvD Ledare. Ledarredaktionen \u00e4r partipolitiskt oavh\u00e4ngig med beteckningen obunden moderat.<\/p>\n<p>Att odla fiendebilder \u00e4r v\u00e4rldens \u00e4ldsta knep f\u00f6r att d\u00f6lja onda avsikter. Att f\u00f6rvanska historien, komma med nazistanklagelser och vandalisera monument \u00f6ver finl\u00e4ndska soldatgravar i Ryssland \u00e4r bara n\u00e5gra av verktygen i Kremls kampanj mot Finland. De ryska makthavarna <a href=\"https:\/\/www.hbl.fi\/2025-12-11\/ny-rapport-kreml-for-historiekrig-mot-finland\/\" target=\"_blank\" rel=\"noopener noreferrer nofollow\">utm\u00e5lar yttre fiender<\/a> och b\u00e4ddar f\u00f6r framtida eskalation mot sina grannl\u00e4nder. Det konstaterar Torsten Fagerholm <a href=\"https:\/\/www.hbl.fi\/2025-12-17\/sa-maste-finland-svara-pa-kremls-svartmalning\/\" target=\"_blank\" rel=\"noopener noreferrer nofollow\">i en<\/a> ledare i finl\u00e4ndska Hufvudstadsbladet.<\/p>\n","protected":false},"excerpt":{"rendered":"Det h\u00e4r \u00e4r en text fr\u00e5n SvD Ledare. Ledarredaktionen \u00e4r partipolitiskt oavh\u00e4ngig med beteckningen obunden moderat. Att odla&hellip;\n","protected":false},"author":2,"featured_media":118439,"comment_status":"","ping_status":"","sticky":false,"template":"","format":"standard","meta":{"footnotes":""},"categories":[5],"tags":[22,23,26,27,17,21,24,25,28,29,15,16,18,34,31,33,32,30,19,20],"class_list":{"0":"post-118438","1":"post","2":"type-post","3":"status-publish","4":"format-standard","5":"has-post-thumbnail","7":"category-rubriker","8":"tag-breaking-news","9":"tag-breakingnews","10":"tag-featured-news","11":"tag-featurednews","12":"tag-headlines","13":"tag-huvudnyheter","14":"tag-latest-news","15":"tag-latestnews","16":"tag-main-news","17":"tag-mainnews","18":"tag-news","19":"tag-nyheter","20":"tag-rubriker","21":"tag-se","22":"tag-svenska","23":"tag-sverige","24":"tag-sweden","25":"tag-swedish","26":"tag-top-stories","27":"tag-topstories"},"share_on_mastodon":{"url":"https:\/\/pubeurope.com\/@se\/115791853197798066","error":""},"_links":{"self":[{"href":"https:\/\/www.europesays.com\/se\/wp-json\/wp\/v2\/posts\/118438","targetHints":{"allow":["GET"]}}],"collection":[{"href":"https:\/\/www.europesays.com\/se\/wp-json\/wp\/v2\/posts"}],"about":[{"href":"https:\/\/www.europesays.com\/se\/wp-json\/wp\/v2\/types\/post"}],"author":[{"embeddable":true,"href":"https:\/\/www.europesays.com\/se\/wp-json\/wp\/v2\/users\/2"}],"replies":[{"embeddable":true,"href":"https:\/\/www.europesays.com\/se\/wp-json\/wp\/v2\/comments?post=118438"}],"version-history":[{"count":0,"href":"https:\/\/www.europesays.com\/se\/wp-json\/wp\/v2\/posts\/118438\/revisions"}],"wp:featuredmedia":[{"embeddable":true,"href":"https:\/\/www.europesays.com\/se\/wp-json\/wp\/v2\/media\/118439"}],"wp:attachment":[{"href":"https:\/\/www.europesays.com\/se\/wp-json\/wp\/v2\/media?parent=118438"}],"wp:term":[{"taxonomy":"category","embeddable":true,"href":"https:\/\/www.europesays.com\/se\/wp-json\/wp\/v2\/categories?post=118438"},{"taxonomy":"post_tag","embeddable":true,"href":"https:\/\/www.europesays.com\/se\/wp-json\/wp\/v2\/tags?post=118438"}],"curies":[{"name":"wp","href":"https:\/\/api.w.org\/{rel}","templated":true}]}}