{"id":118444,"date":"2025-12-27T13:54:14","date_gmt":"2025-12-27T13:54:14","guid":{"rendered":"https:\/\/www.europesays.com\/se\/118444\/"},"modified":"2025-12-27T13:54:14","modified_gmt":"2025-12-27T13:54:14","slug":"kina-vill-ha-regler-mot-kanslomassigt-ai-beroende","status":"publish","type":"post","link":"https:\/\/www.europesays.com\/se\/118444\/","title":{"rendered":"Kina vill ha regler mot k\u00e4nslom\u00e4ssigt AI-beroende"},"content":{"rendered":"<p><strong>P\u00e5 l\u00f6rdagen publicerade<\/strong> Kinas cybers\u00e4kerhetsmyndighet ett utkast med f\u00f6rslag p\u00e5 nya regleringar f\u00f6r AI-modeller, rapporterar nyhetsbyr\u00e5n Reuters.\u00a0<\/p>\n<p>Reglerna ska g\u00e4lla AI-tj\u00e4nster som simulerar m\u00e4nskliga personlighetsdrag, tankem\u00f6nster och kommunikationsstilar och interagerar k\u00e4nslom\u00e4ssigt med anv\u00e4ndare.<\/p>\n<p><strong>F\u00f6rslaget inneb\u00e4r<\/strong> att AI-leverant\u00f6rer blir skyldiga att varna anv\u00e4ndare om \u00f6verdriven anv\u00e4ndning och st\u00e4ller krav p\u00e5 att leverant\u00f6rer ingriper n\u00e4r anv\u00e4ndare visar tecken p\u00e5 att vara beroende av tj\u00e4nsten. Detta genom att bed\u00f6ma anv\u00e4ndarens k\u00e4nslor och hur mycket och ofta tj\u00e4nsten anv\u00e4nds.<\/p>\n<p>Om anv\u00e4ndare visar sig extremt k\u00e4nslosamma eller beroende ska leverant\u00f6rerna vidta n\u00f6dv\u00e4ndiga \u00e5tg\u00e4rder, enligt f\u00f6rslaget.<\/p>\n<p><strong>I utkastet ing\u00e5r <\/strong>ocks\u00e5 att AI-leverant\u00f6rerna blir ansvariga f\u00f6r tj\u00e4nstens s\u00e4kerhet, d\u00e4ribland genom krav p\u00e5 algoritmgranskning, datas\u00e4kerhet och skydd av personuppgifter.\u00a0<\/p>\n<p>Dessutom begr\u00e4nsar f\u00f6rslaget till\u00e5tet inneh\u00e5ll och beteende: ryktesspridning, v\u00e5ldsfr\u00e4mjande eller inneh\u00e5ll som \u00e4ventyrar den nationella s\u00e4kerheten f\u00f6resl\u00e5s f\u00f6rbjudas.<\/p>\n","protected":false},"excerpt":{"rendered":"P\u00e5 l\u00f6rdagen publicerade Kinas cybers\u00e4kerhetsmyndighet ett utkast med f\u00f6rslag p\u00e5 nya regleringar f\u00f6r AI-modeller, rapporterar nyhetsbyr\u00e5n Reuters.\u00a0 Reglerna&hellip;\n","protected":false},"author":2,"featured_media":118445,"comment_status":"","ping_status":"","sticky":false,"template":"","format":"standard","meta":{"footnotes":""},"categories":[65],"tags":[72,70,71,34,31,33,32,30],"class_list":{"0":"post-118444","1":"post","2":"type-post","3":"status-publish","4":"format-standard","5":"has-post-thumbnail","7":"category-ekonomi","8":"tag-business","9":"tag-economy","10":"tag-ekonomi","11":"tag-se","12":"tag-svenska","13":"tag-sverige","14":"tag-sweden","15":"tag-swedish"},"share_on_mastodon":{"url":"https:\/\/pubeurope.com\/@se\/115791872899907564","error":""},"_links":{"self":[{"href":"https:\/\/www.europesays.com\/se\/wp-json\/wp\/v2\/posts\/118444","targetHints":{"allow":["GET"]}}],"collection":[{"href":"https:\/\/www.europesays.com\/se\/wp-json\/wp\/v2\/posts"}],"about":[{"href":"https:\/\/www.europesays.com\/se\/wp-json\/wp\/v2\/types\/post"}],"author":[{"embeddable":true,"href":"https:\/\/www.europesays.com\/se\/wp-json\/wp\/v2\/users\/2"}],"replies":[{"embeddable":true,"href":"https:\/\/www.europesays.com\/se\/wp-json\/wp\/v2\/comments?post=118444"}],"version-history":[{"count":0,"href":"https:\/\/www.europesays.com\/se\/wp-json\/wp\/v2\/posts\/118444\/revisions"}],"wp:featuredmedia":[{"embeddable":true,"href":"https:\/\/www.europesays.com\/se\/wp-json\/wp\/v2\/media\/118445"}],"wp:attachment":[{"href":"https:\/\/www.europesays.com\/se\/wp-json\/wp\/v2\/media?parent=118444"}],"wp:term":[{"taxonomy":"category","embeddable":true,"href":"https:\/\/www.europesays.com\/se\/wp-json\/wp\/v2\/categories?post=118444"},{"taxonomy":"post_tag","embeddable":true,"href":"https:\/\/www.europesays.com\/se\/wp-json\/wp\/v2\/tags?post=118444"}],"curies":[{"name":"wp","href":"https:\/\/api.w.org\/{rel}","templated":true}]}}