{"id":118448,"date":"2025-12-27T13:57:20","date_gmt":"2025-12-27T13:57:20","guid":{"rendered":"https:\/\/www.europesays.com\/se\/118448\/"},"modified":"2025-12-27T13:57:20","modified_gmt":"2025-12-27T13:57:20","slug":"stanna-hemma-om-du-inte-maste-ge-dig-ut-orange-vadervarning-i-lanet","status":"publish","type":"post","link":"https:\/\/www.europesays.com\/se\/118448\/","title":{"rendered":"Stanna hemma om du inte m\u00e5ste ge dig ut &#8211; orange v\u00e4dervarning i l\u00e4net"},"content":{"rendered":"<p class=\"normal\">Stormen Johannes drar just nu \u00f6ver v\u00e5rt omr\u00e5de med vindbyar som n\u00e5r stormstyrka. L\u00e4get \u00e4r allvarligt och kulmen v\u00e4ntas under eftermiddagen och kv\u00e4llen.<\/p>\n<p class=\"normal\">Varf\u00f6r du b\u00f6r stanna hemma:<\/p>\n<ul class=\" normal\">\n<li><strong>Fara f\u00f6r liv och h\u00e4lsa:<\/strong> Det finns stor risk f\u00f6r personskador p\u00e5 grund av nedfallna tr\u00e4d och omkringflygande f\u00f6rem\u00e5l.<\/li>\n<li><strong>Problem i trafiken:<\/strong> H\u00f6gakustenbron \u00e4r redan st\u00e4ngd f\u00f6r vindk\u00e4nsliga fordon och Sundsvallsbron \u00e4r helt avst\u00e4ngd. Tr\u00e4d och grenar blockerar flera v\u00e4gar, vilket g\u00f6r det farligt och sv\u00e5rt att ta sig fram.<\/li>\n<li><strong>Elavbrott:<\/strong> Tusentals abonnenter i l\u00e4net \u00e4r utan str\u00f6m. P\u00e5 grund av s\u00e4kerhetsl\u00e4get f\u00f6r reparat\u00f6rerna kan felavhj\u00e4lpning ta l\u00e4ngre tid \u00e4n normalt.<\/li>\n<\/ul>\n<p class=\"normal\"><strong>Varning:<\/strong> G\u00e5 aldrig n\u00e4ra nedfallna elledningar.<\/p>\n<p>H\u00e5ll dig uppdaterad<\/p>\n<p class=\"normal\">Kommunen f\u00f6ljer h\u00e4ndelseutvecklingen noga. Vi h\u00e4nvisar alla inv\u00e5nare till att h\u00e5lla sig informerade via officiella k\u00e4llor:<\/p>\n<p class=\"normal\">Samt f\u00f6lj l\u00e4get p\u00e5 <a href=\"https:\/\/www.facebook.com\/harnosandskommun\" rel=\"nofollow noopener\" target=\"_blank\"><strong>v\u00e5r egen facebooksida<\/strong> L\u00e4nk till annan webbplats.<\/a>: https:\/\/www.facebook.com\/harnosandskommun<\/p>\n<p class=\"normal\"><strong>T\u00e4nk p\u00e5 s\u00e4kerheten f\u00f6rst, ge dig inte ut om du inte m\u00e5ste.<\/strong><\/p>\n","protected":false},"excerpt":{"rendered":"Stormen Johannes drar just nu \u00f6ver v\u00e5rt omr\u00e5de med vindbyar som n\u00e5r stormstyrka. L\u00e4get \u00e4r allvarligt och kulmen&hellip;\n","protected":false},"author":2,"featured_media":118449,"comment_status":"","ping_status":"","sticky":false,"template":"","format":"standard","meta":{"footnotes":""},"categories":[5],"tags":[22,23,12673,12674,26,27,17,21,12672,3954,24,25,28,29,15,16,18,34,10532,31,33,32,30,19,20,12671,2604],"class_list":{"0":"post-118448","1":"post","2":"type-post","3":"status-publish","4":"format-standard","5":"has-post-thumbnail","7":"category-rubriker","8":"tag-breaking-news","9":"tag-breakingnews","10":"tag-elavbrott","11":"tag-elnat","12":"tag-featured-news","13":"tag-featurednews","14":"tag-headlines","15":"tag-huvudnyheter","16":"tag-johannes","17":"tag-kris","18":"tag-latest-news","19":"tag-latestnews","20":"tag-main-news","21":"tag-mainnews","22":"tag-news","23":"tag-nyheter","24":"tag-rubriker","25":"tag-se","26":"tag-storm","27":"tag-svenska","28":"tag-sverige","29":"tag-sweden","30":"tag-swedish","31":"tag-top-stories","32":"tag-topstories","33":"tag-vadervarning","34":"tag-varning"},"share_on_mastodon":{"url":"https:\/\/pubeurope.com\/@se\/115791884724418945","error":""},"_links":{"self":[{"href":"https:\/\/www.europesays.com\/se\/wp-json\/wp\/v2\/posts\/118448","targetHints":{"allow":["GET"]}}],"collection":[{"href":"https:\/\/www.europesays.com\/se\/wp-json\/wp\/v2\/posts"}],"about":[{"href":"https:\/\/www.europesays.com\/se\/wp-json\/wp\/v2\/types\/post"}],"author":[{"embeddable":true,"href":"https:\/\/www.europesays.com\/se\/wp-json\/wp\/v2\/users\/2"}],"replies":[{"embeddable":true,"href":"https:\/\/www.europesays.com\/se\/wp-json\/wp\/v2\/comments?post=118448"}],"version-history":[{"count":0,"href":"https:\/\/www.europesays.com\/se\/wp-json\/wp\/v2\/posts\/118448\/revisions"}],"wp:featuredmedia":[{"embeddable":true,"href":"https:\/\/www.europesays.com\/se\/wp-json\/wp\/v2\/media\/118449"}],"wp:attachment":[{"href":"https:\/\/www.europesays.com\/se\/wp-json\/wp\/v2\/media?parent=118448"}],"wp:term":[{"taxonomy":"category","embeddable":true,"href":"https:\/\/www.europesays.com\/se\/wp-json\/wp\/v2\/categories?post=118448"},{"taxonomy":"post_tag","embeddable":true,"href":"https:\/\/www.europesays.com\/se\/wp-json\/wp\/v2\/tags?post=118448"}],"curies":[{"name":"wp","href":"https:\/\/api.w.org\/{rel}","templated":true}]}}