{"id":118454,"date":"2025-12-27T14:02:22","date_gmt":"2025-12-27T14:02:22","guid":{"rendered":"https:\/\/www.europesays.com\/se\/118454\/"},"modified":"2025-12-27T14:02:22","modified_gmt":"2025-12-27T14:02:22","slug":"elavbrott-hos-skelleftea-kraft-i-mala","status":"publish","type":"post","link":"https:\/\/www.europesays.com\/se\/118454\/","title":{"rendered":"Elavbrott hos Skellefte\u00e5 Kraft i Mal\u00e5"},"content":{"rendered":"<p>Cirka 85 abonnenter i omr\u00e5det kring Mal\u00e5 och abonnenter p\u00e5 andra orter i inlandet blev utan el. Fels\u00f6kning p\u00e5g\u00e5r.\u00a0Skellefte\u00e5 Kraft skriver i ett pressmeddelande att det finns risk f\u00f6r fler st\u00f6rningar i eln\u00e4tet under eftermiddagen och kv\u00e4llen.\u00a0Man uppmanar ocks\u00e5 att det \u00e4r bra att f\u00f6rbereda sig f\u00f6r ett eventuellt str\u00f6mavbrott genom att ha ljus och t\u00e4ndare n\u00e4ra tillhand<\/p>\n","protected":false},"excerpt":{"rendered":"Cirka 85 abonnenter i omr\u00e5det kring Mal\u00e5 och abonnenter p\u00e5 andra orter i inlandet blev utan el. Fels\u00f6kning&hellip;\n","protected":false},"author":2,"featured_media":16712,"comment_status":"","ping_status":"","sticky":false,"template":"","format":"standard","meta":{"footnotes":""},"categories":[65],"tags":[72,70,71,34,31,33,32,30],"class_list":{"0":"post-118454","1":"post","2":"type-post","3":"status-publish","4":"format-standard","5":"has-post-thumbnail","7":"category-ekonomi","8":"tag-business","9":"tag-economy","10":"tag-ekonomi","11":"tag-se","12":"tag-svenska","13":"tag-sverige","14":"tag-sweden","15":"tag-swedish"},"share_on_mastodon":{"url":"https:\/\/pubeurope.com\/@se\/115791904309575092","error":""},"_links":{"self":[{"href":"https:\/\/www.europesays.com\/se\/wp-json\/wp\/v2\/posts\/118454","targetHints":{"allow":["GET"]}}],"collection":[{"href":"https:\/\/www.europesays.com\/se\/wp-json\/wp\/v2\/posts"}],"about":[{"href":"https:\/\/www.europesays.com\/se\/wp-json\/wp\/v2\/types\/post"}],"author":[{"embeddable":true,"href":"https:\/\/www.europesays.com\/se\/wp-json\/wp\/v2\/users\/2"}],"replies":[{"embeddable":true,"href":"https:\/\/www.europesays.com\/se\/wp-json\/wp\/v2\/comments?post=118454"}],"version-history":[{"count":0,"href":"https:\/\/www.europesays.com\/se\/wp-json\/wp\/v2\/posts\/118454\/revisions"}],"wp:featuredmedia":[{"embeddable":true,"href":"https:\/\/www.europesays.com\/se\/wp-json\/wp\/v2\/media\/16712"}],"wp:attachment":[{"href":"https:\/\/www.europesays.com\/se\/wp-json\/wp\/v2\/media?parent=118454"}],"wp:term":[{"taxonomy":"category","embeddable":true,"href":"https:\/\/www.europesays.com\/se\/wp-json\/wp\/v2\/categories?post=118454"},{"taxonomy":"post_tag","embeddable":true,"href":"https:\/\/www.europesays.com\/se\/wp-json\/wp\/v2\/tags?post=118454"}],"curies":[{"name":"wp","href":"https:\/\/api.w.org\/{rel}","templated":true}]}}