{"id":118455,"date":"2025-12-27T14:04:07","date_gmt":"2025-12-27T14:04:07","guid":{"rendered":"https:\/\/www.europesays.com\/se\/118455\/"},"modified":"2025-12-27T14:04:07","modified_gmt":"2025-12-27T14:04:07","slug":"minst-30-000-stromlosa-nar-stormen-drar-fram-vasterbottens-kuriren","status":"publish","type":"post","link":"https:\/\/www.europesays.com\/se\/118455\/","title":{"rendered":"Minst 30 000 str\u00f6ml\u00f6sa n\u00e4r stormen drar fram &#8211; V\u00e4sterbottens-Kuriren"},"content":{"rendered":"<ol>\n<li><a href=\"https:\/\/news.google.com\/rss\/articles\/CBMihgFBVV95cUxQOVVEYVlSWFl3ak5vMmR3bXRlbkJKVHpwQXVvMnRiUkhTTG9DZ2RtWi0zc1lWaVFjVlhaSkJBQ1FFTVVRNmEwTmZNTFZ5M2lIWWdINW0zcjhHQ2dpU05LZDROenpHbkRfQ1BRR0VxWkppWjlhS3lxV1RtRWRnRkd4bWVJRGl2Zw?oc=5\" target=\"_blank\" rel=\"nofollow noopener\">Minst 30 000 str\u00f6ml\u00f6sa n\u00e4r stormen drar fram<\/a>&nbsp;&nbsp;V\u00e4sterbottens-Kuriren<\/li>\n<li><a href=\"https:\/\/news.google.com\/rss\/articles\/CBMiwgFBVV95cUxNaFRBaEpDdWh4U2tVdHByMlFnUklOTHpETEt3TlR6QzYwckJodzVRSmhEWVpBckNrbWhhaVBnclJ0bjYtZlpkOU84b3VMMHJIMUJnMDhiQnNZZUdiOUFsb3JmT0c3b1RvSzVBQlhjM0VrRlN3c0N5LUNJMGdla1gwYktNVTd3NlZwWHFzOE55eXNTcVo2SmpoWXAxUjI5SEhGdnZfdXB6djhLOWJ2YTlZTlFRS0lLRXJfcGktdE9wbWppQQ?oc=5\" target=\"_blank\" rel=\"nofollow noopener\">G\u00e4vlebocken har bl\u00e5st omkull \u2013 Stormen Johannes drar in \u00f6ver Sverige \u2013 SMHI varnar<\/a>&nbsp;&nbsp;SVT Nyheter<\/li>\n<li><a href=\"https:\/\/news.google.com\/rss\/articles\/CBMiakFVX3lxTFAycjJUYkhpLWpfVnVRU2Zmd053bklZdU9qTVBKam0tbjNweVRTbEhKSjhOWDM5QjNFdHI3THJEd3hpYnkwUG92Um03dFgxZmdGX3lxN1dheDR2Y3AyMkpoM1owUDFfN2Jsd2c?oc=5\" target=\"_blank\" rel=\"nofollow noopener\">G\u00e4vlebocken har bl\u00e5st omkull<\/a>&nbsp;&nbsp;Gefle Dagblad<\/li>\n<li><a href=\"https:\/\/news.google.com\/rss\/articles\/CBMihAFBVV95cUxNVXFlMW5jdkFsUGwzZVd6Q2p3U0NFWGlFU29QcG9DSzBtWVZTWWFKeE9kM1psbVdqWnltMGRISC1XSUJHM3NYUDlaZWdDMlZQWWd6Xy1WVF9mTjFHcHVuLWR2TUJQNEswOVZPWlVLQUJDSldwelQ2S2Q3LTlFNkQxUm1YUGM?oc=5\" target=\"_blank\" rel=\"nofollow noopener\">Bortbl\u00e5sta tak och nedfallna tr\u00e4d \u2013 f\u00f6lj l\u00e4get h\u00e4r<\/a>&nbsp;&nbsp;Sundsvalls Tidning<\/li>\n<li><a href=\"https:\/\/news.google.com\/rss\/articles\/CBMif0FVX3lxTFB5aktHTTFyYWc3VEFFSHphRU84WXl5N0kxQjZyOGs1d2VEWkJaaVREYlR5RXdQUWdYYmoyc2pVMXFmbnB3UThzVXRxRXlZWWZkYlBySDc2TFR2N2plaDdxYnlmSEFwaXZidXFOVEJNRzR3U1Iyb3dkUzBERjNzZnc?oc=5\" target=\"_blank\" rel=\"nofollow noopener\">Storst\u00f6rningsl\u00e4ge f\u00f6r Eon \u2013 848 kunder utan str\u00f6m<\/a>&nbsp;&nbsp;\u00d6stersunds-Posten<\/li>\n<\/ol>\n","protected":false},"excerpt":{"rendered":"Minst 30 000 str\u00f6ml\u00f6sa n\u00e4r stormen drar fram&nbsp;&nbsp;V\u00e4sterbottens-Kuriren G\u00e4vlebocken har bl\u00e5st omkull \u2013 Stormen Johannes drar in \u00f6ver&hellip;\n","protected":false},"author":2,"featured_media":118456,"comment_status":"","ping_status":"","sticky":false,"template":"","format":"standard","meta":{"footnotes":""},"categories":[12],"tags":[22,23,26,27,17,21,24,25,28,29,15,16,18,34,31,33,32,30,19,20],"class_list":{"0":"post-118455","1":"post","2":"type-post","3":"status-publish","4":"format-standard","5":"has-post-thumbnail","7":"category-sverige","8":"tag-breaking-news","9":"tag-breakingnews","10":"tag-featured-news","11":"tag-featurednews","12":"tag-headlines","13":"tag-huvudnyheter","14":"tag-latest-news","15":"tag-latestnews","16":"tag-main-news","17":"tag-mainnews","18":"tag-news","19":"tag-nyheter","20":"tag-rubriker","21":"tag-se","22":"tag-svenska","23":"tag-sverige","24":"tag-sweden","25":"tag-swedish","26":"tag-top-stories","27":"tag-topstories"},"share_on_mastodon":{"url":"https:\/\/pubeurope.com\/@se\/115791912321932621","error":""},"_links":{"self":[{"href":"https:\/\/www.europesays.com\/se\/wp-json\/wp\/v2\/posts\/118455","targetHints":{"allow":["GET"]}}],"collection":[{"href":"https:\/\/www.europesays.com\/se\/wp-json\/wp\/v2\/posts"}],"about":[{"href":"https:\/\/www.europesays.com\/se\/wp-json\/wp\/v2\/types\/post"}],"author":[{"embeddable":true,"href":"https:\/\/www.europesays.com\/se\/wp-json\/wp\/v2\/users\/2"}],"replies":[{"embeddable":true,"href":"https:\/\/www.europesays.com\/se\/wp-json\/wp\/v2\/comments?post=118455"}],"version-history":[{"count":0,"href":"https:\/\/www.europesays.com\/se\/wp-json\/wp\/v2\/posts\/118455\/revisions"}],"wp:featuredmedia":[{"embeddable":true,"href":"https:\/\/www.europesays.com\/se\/wp-json\/wp\/v2\/media\/118456"}],"wp:attachment":[{"href":"https:\/\/www.europesays.com\/se\/wp-json\/wp\/v2\/media?parent=118455"}],"wp:term":[{"taxonomy":"category","embeddable":true,"href":"https:\/\/www.europesays.com\/se\/wp-json\/wp\/v2\/categories?post=118455"},{"taxonomy":"post_tag","embeddable":true,"href":"https:\/\/www.europesays.com\/se\/wp-json\/wp\/v2\/tags?post=118455"}],"curies":[{"name":"wp","href":"https:\/\/api.w.org\/{rel}","templated":true}]}}