{"id":118457,"date":"2025-12-27T14:05:15","date_gmt":"2025-12-27T14:05:15","guid":{"rendered":"https:\/\/www.europesays.com\/se\/118457\/"},"modified":"2025-12-27T14:05:15","modified_gmt":"2025-12-27T14:05:15","slug":"olycka-pa-e4-stopp-i-ett-korfalt-unt","status":"publish","type":"post","link":"https:\/\/www.europesays.com\/se\/118457\/","title":{"rendered":"Olycka p\u00e5 E4 \u2013 stopp i ett k\u00f6rf\u00e4lt &#8211; UNT"},"content":{"rendered":"<ol>\n<li><a href=\"https:\/\/news.google.com\/rss\/articles\/CBMiogFBVV95cUxQN2x1U0ZQSVF2OVdDZ3RpNTJpbEVzalN4Xzl0c3BQUWFVR2h3UDF1N0hfd3RPV2lMOU4yd3kyY0lvWlJ3eVFYTGdINUgwWFNOUVlFZE9halByTVQ0emV6blE1Uk1yc3ZfWjhITWZ0SkF2T0F5M21TQlRLemJYLVJGWEJmZk9LYnNRck56WXlUUE8wN2ZMdWZOOWpNR2JrZUlOT0E?oc=5\" target=\"_blank\" rel=\"nofollow noopener\">Olycka p\u00e5 E4 \u2013 stopp i ett k\u00f6rf\u00e4lt<\/a>&nbsp;&nbsp;UNT<\/li>\n<li><a href=\"https:\/\/news.google.com\/rss\/articles\/CBMivAFBVV95cUxPbHpEUGJ2MlpicXdxazgtaHMyWWpxTDgyMUl6ODlDeHJvQi1pak9XSVFxSEhrZ3VBTHpPbWlsNHN6Mkk1MWVSRFlUOWFnM3haSkQwXzl0NW1sNFp5NUg1TUIwSHRfS1MyY1BnaU1odjBGNlhfRlBOTjRBeTR4Z2hsQ1FKcF9DdFFydW9pTTZyeHc2SFNMeE5vU1hXZmY0SWpqRUpuX0tRSEpOSVlwX3lDbjFubDNOS1k0Wm1kRg?oc=5\" target=\"_blank\" rel=\"nofollow noopener\">En stillast\u00e5ende personbil orsakar ett k\u00f6rf\u00e4lt blockerat p\u00e5 E4<\/a>&nbsp;&nbsp;UNT<\/li>\n<li><a href=\"https:\/\/news.google.com\/rss\/articles\/CBMi2AFBVV95cUxQN2p0VlJ4VEJ6XzdETGkwNTc4bUk5MTNQMzQ1VWNrbFBzZmVaSVBvcGx3NDNlTXBEQkxPRVRlcTJtQWpTcm52NE1tS2pJUnZ4MGtCNGhUMm43MHVHMi1MVHNMZW9XUGhqMmtXbkJQM3BITGd1cUxfc0hOWmwtYkt4ZnNidmNydG9obmI0Q3pyQmpnZ1NMVWdoMlE2YkxVTnhVZHItUFhBdmJ0SlVDY2VXRnZqSWFmRnJJY29oNW5aUW5NeHFKRmxGQkQ1ejB4SEJCSWQ5b1lzVFk?oc=5\" target=\"_blank\" rel=\"nofollow noopener\">Just nu: Stillast\u00e5ende flera stillast\u00e5ende fordon skapar problem i trafiken p\u00e5 E4<\/a>&nbsp;&nbsp;NT<\/li>\n<li><a href=\"https:\/\/news.google.com\/rss\/articles\/CBMiogFBVV95cUxOdFZpVFZfNW91VVQ0NDdhcXJnWE1DVEFja2FKMi1aM1Y0ZG53OVBYOWlwVEhyYmJpbnpVd3hFaGVJRGVyVjFFNUQ3QzJ4Y3E1ZTI1OFJOaG55bHY1b2VTNTJQV0dNdlJCZzVFSlY4VGZrVkhRVF9GYzhhWkxYUWZITE9sS2xjSVYwODBUcHhpdC1OajF2eF9IODlkWDJFeXVwRlE?oc=5\" target=\"_blank\" rel=\"nofollow noopener\">Stillast\u00e5ende fordon skapar problem p\u00e5 E4<\/a>&nbsp;&nbsp;SN, S\u00f6dermanlands Nyheter<\/li>\n<li><a href=\"https:\/\/news.google.com\/rss\/articles\/CBMikAFBVV95cUxPU0M1LU05Y2l2VllMRGVHNGZaY1gzd1EtSC14ODRLQmItVldRTEpOUGR4UzhzZXBhNHQzdktsUElkcGhITEhsZURYaHo2VHl4dl9FQ0szYjRfTXBuWlh0UUIyOTdWT0YxazgxVEJrLUNsQk14SXZTTVRVNFBOTlpMY1dyXzZuZWlwR2ZNZi11dzY?oc=5\" target=\"_blank\" rel=\"nofollow noopener\">Olycka s\u00f6der om Rosersberg \u2013 p\u00e5verkade trafik mot M\u00e4rsta<\/a>&nbsp;&nbsp;m\u00e4rsta.nu<\/li>\n<\/ol>\n","protected":false},"excerpt":{"rendered":"Olycka p\u00e5 E4 \u2013 stopp i ett k\u00f6rf\u00e4lt&nbsp;&nbsp;UNT En stillast\u00e5ende personbil orsakar ett k\u00f6rf\u00e4lt blockerat p\u00e5 E4&nbsp;&nbsp;UNT Just&hellip;\n","protected":false},"author":2,"featured_media":1027,"comment_status":"","ping_status":"","sticky":false,"template":"","format":"standard","meta":{"footnotes":""},"categories":[5],"tags":[22,23,26,27,17,21,24,25,28,29,15,16,18,34,31,33,32,30,19,20],"class_list":{"0":"post-118457","1":"post","2":"type-post","3":"status-publish","4":"format-standard","5":"has-post-thumbnail","7":"category-rubriker","8":"tag-breaking-news","9":"tag-breakingnews","10":"tag-featured-news","11":"tag-featurednews","12":"tag-headlines","13":"tag-huvudnyheter","14":"tag-latest-news","15":"tag-latestnews","16":"tag-main-news","17":"tag-mainnews","18":"tag-news","19":"tag-nyheter","20":"tag-rubriker","21":"tag-se","22":"tag-svenska","23":"tag-sverige","24":"tag-sweden","25":"tag-swedish","26":"tag-top-stories","27":"tag-topstories"},"share_on_mastodon":{"url":"https:\/\/pubeurope.com\/@se\/115791916120590479","error":""},"_links":{"self":[{"href":"https:\/\/www.europesays.com\/se\/wp-json\/wp\/v2\/posts\/118457","targetHints":{"allow":["GET"]}}],"collection":[{"href":"https:\/\/www.europesays.com\/se\/wp-json\/wp\/v2\/posts"}],"about":[{"href":"https:\/\/www.europesays.com\/se\/wp-json\/wp\/v2\/types\/post"}],"author":[{"embeddable":true,"href":"https:\/\/www.europesays.com\/se\/wp-json\/wp\/v2\/users\/2"}],"replies":[{"embeddable":true,"href":"https:\/\/www.europesays.com\/se\/wp-json\/wp\/v2\/comments?post=118457"}],"version-history":[{"count":0,"href":"https:\/\/www.europesays.com\/se\/wp-json\/wp\/v2\/posts\/118457\/revisions"}],"wp:featuredmedia":[{"embeddable":true,"href":"https:\/\/www.europesays.com\/se\/wp-json\/wp\/v2\/media\/1027"}],"wp:attachment":[{"href":"https:\/\/www.europesays.com\/se\/wp-json\/wp\/v2\/media?parent=118457"}],"wp:term":[{"taxonomy":"category","embeddable":true,"href":"https:\/\/www.europesays.com\/se\/wp-json\/wp\/v2\/categories?post=118457"},{"taxonomy":"post_tag","embeddable":true,"href":"https:\/\/www.europesays.com\/se\/wp-json\/wp\/v2\/tags?post=118457"}],"curies":[{"name":"wp","href":"https:\/\/api.w.org\/{rel}","templated":true}]}}