{"id":118460,"date":"2025-12-27T14:10:31","date_gmt":"2025-12-27T14:10:31","guid":{"rendered":"https:\/\/www.europesays.com\/se\/118460\/"},"modified":"2025-12-27T14:10:31","modified_gmt":"2025-12-27T14:10:31","slug":"gladjande-att-du-ar-nojd-med-schemat-vlt","status":"publish","type":"post","link":"https:\/\/www.europesays.com\/se\/118460\/","title":{"rendered":"Gl\u00e4djande att du \u00e4r n\u00f6jd med schemat \u2013 VLT"},"content":{"rendered":"<p><strong>Det \u00e4r inte arbetstidslagen <\/strong>med 11 timmars dygnsvila och 36 timmars veckovila som tar kn\u00e4cken av de flesta andra undersk\u00f6terskor som jobbar f\u00f6r V\u00e4ster\u00e5s stad. Det \u00e4r heller inte att jobba varannan helg.\u00a0<\/p>\n<p>Lagen har vi att r\u00e4tta oss efter, absolut! Det \u00e4r en del lokala regler som skulle kunna l\u00e4tta b\u00f6rdan f\u00f6r de av oss som tycker bemanningsoptimeringen blev en misslyckad satsning. Men d\u00e5 kr\u00e4vs att arbetsgivaren \u00e4r villig att lyssna. <\/p>\n<p>Om du jobbar varannan helg s\u00e5 tycker vi att de helger du \u00e4r ledig ska se b\u00e4ttre ut \u00e4n att du jobbar till 22.00 p\u00e5 fredag kv\u00e4ll och b\u00f6rjar 07.00 p\u00e5 m\u00e5ndag morgon. Det blir ganska lite kvar av din lediga helg.\u00a0<\/p>\n<p><strong>Vad en arbetsgivare har r\u00e4tt att g\u00f6ra,<\/strong> \u00e4r inte samma sak som att arbetsgivaren g\u00f6r r\u00e4tt. Det finns ytterligare lokala regler V\u00e4ster\u00e5s stad har med max nio fridagar per schemaperiod, oavsett om du inte orkar heltid. Kortare nattpass \u00e4r n\u00e5got som st\u00e4ller till det f\u00f6r b\u00e5de de som jobbar natt och dagpersonal, som inte \u00f6ver huvud taget \u00e4r lagstadgat men som arbetsgivaren driver h\u00e5rt. <\/p>\n<p>Vi tycker det \u00e4r det nyckfulla agerandet och brist p\u00e5 lyh\u00f6rdhet och information fr\u00e5n bemanningsenheten som \u00e4r grunden till att s\u00e5 m\u00e5nga \u00e4r missn\u00f6jda. <\/p>\n<p>D\u00e4remot \u00e4r det gl\u00e4djande att du \u00e4r n\u00f6jd med schemat. <\/p>\n<p>God Jul. <\/p>\n<p><strong>O-gruppen<\/strong><\/p>\n","protected":false},"excerpt":{"rendered":"Det \u00e4r inte arbetstidslagen med 11 timmars dygnsvila och 36 timmars veckovila som tar kn\u00e4cken av de flesta&hellip;\n","protected":false},"author":2,"featured_media":118461,"comment_status":"","ping_status":"","sticky":false,"template":"","format":"standard","meta":{"footnotes":""},"categories":[65],"tags":[72,70,71,34,31,33,32,30],"class_list":{"0":"post-118460","1":"post","2":"type-post","3":"status-publish","4":"format-standard","5":"has-post-thumbnail","7":"category-ekonomi","8":"tag-business","9":"tag-economy","10":"tag-ekonomi","11":"tag-se","12":"tag-svenska","13":"tag-sverige","14":"tag-sweden","15":"tag-swedish"},"share_on_mastodon":{"url":"https:\/\/pubeurope.com\/@se\/115791935758659146","error":""},"_links":{"self":[{"href":"https:\/\/www.europesays.com\/se\/wp-json\/wp\/v2\/posts\/118460","targetHints":{"allow":["GET"]}}],"collection":[{"href":"https:\/\/www.europesays.com\/se\/wp-json\/wp\/v2\/posts"}],"about":[{"href":"https:\/\/www.europesays.com\/se\/wp-json\/wp\/v2\/types\/post"}],"author":[{"embeddable":true,"href":"https:\/\/www.europesays.com\/se\/wp-json\/wp\/v2\/users\/2"}],"replies":[{"embeddable":true,"href":"https:\/\/www.europesays.com\/se\/wp-json\/wp\/v2\/comments?post=118460"}],"version-history":[{"count":0,"href":"https:\/\/www.europesays.com\/se\/wp-json\/wp\/v2\/posts\/118460\/revisions"}],"wp:featuredmedia":[{"embeddable":true,"href":"https:\/\/www.europesays.com\/se\/wp-json\/wp\/v2\/media\/118461"}],"wp:attachment":[{"href":"https:\/\/www.europesays.com\/se\/wp-json\/wp\/v2\/media?parent=118460"}],"wp:term":[{"taxonomy":"category","embeddable":true,"href":"https:\/\/www.europesays.com\/se\/wp-json\/wp\/v2\/categories?post=118460"},{"taxonomy":"post_tag","embeddable":true,"href":"https:\/\/www.europesays.com\/se\/wp-json\/wp\/v2\/tags?post=118460"}],"curies":[{"name":"wp","href":"https:\/\/api.w.org\/{rel}","templated":true}]}}