{"id":118462,"date":"2025-12-27T14:13:19","date_gmt":"2025-12-27T14:13:19","guid":{"rendered":"https:\/\/www.europesays.com\/se\/118462\/"},"modified":"2025-12-27T14:13:19","modified_gmt":"2025-12-27T14:13:19","slug":"sagar-jvm-bilderna-i-premiaren-skamligt-hockeynews","status":"publish","type":"post","link":"https:\/\/www.europesays.com\/se\/118462\/","title":{"rendered":"S\u00e5gar JVM-bilderna i premi\u00e4ren: &quot;Skamligt&quot; &#8211; HockeyNews"},"content":{"rendered":"<ol>\n<li><a href=\"https:\/\/news.google.com\/rss\/articles\/CBMieEFVX3lxTE9RR0ZqSmZ3OVoxS1RhZUw0MEp5OGk1bnJvV19HaGxqeUo5bUZ6WVVWb09yNW8wTnRsV19IbW1aZjltai1Xd2NSR2lDVE9OTVlyZjhqWXA1YWhmdzFzYVgwYXR3VS1XUWJXSWNGYlM0V2xNUHA5UVpyQQ?oc=5\" target=\"_blank\" rel=\"nofollow noopener\">S\u00e5gar JVM-bilderna i premi\u00e4ren: &#8221;Skamligt&#8221;<\/a>&nbsp;&nbsp;HockeyNews<\/li>\n<li><a href=\"https:\/\/news.google.com\/rss\/articles\/CBMingFBVV95cUxNVl9zRTFMOE43SVZUa2IwdlplQmdjd09MYWhjYmRMeEhXcENIZmRSM3plYzVySk1qYVdNazBNdU5GdUZMVXVzY0FWdklFdFFIbWgtOEZBRUIzX3BNUHVxT0ZQa1N0LWVLNmVTaHY3ZTloLTlpTG9FTjJQX25FQUk4UmNvZTg5M2lsRk04aWdfLVlLTElWOGNMdS11ZFZfQQ?oc=5\" target=\"_blank\" rel=\"nofollow noopener\">JVM-bilderna s\u00e5gas: \u201d\u00c4r skamligt\u201d<\/a>&nbsp;&nbsp;Aftonbladet<\/li>\n<li><a href=\"https:\/\/news.google.com\/rss\/articles\/CBMihAFBVV95cUxNLU85WGhEM3hxd1oxMDBrcmFjaEFFeGNtenphS2FtZ1BFX3hYQ0xCSHRxT0ViVWxJanpfcVZiV091OUZ0LUtubTNveW9wdGt1MGVGd3BmM0NfZ2FOeHd3QWdmSkNFYkhjRmVFd3dhc1JXbTVhN2ZveHBzOXAwWDBjYlJxVkU?oc=5\" target=\"_blank\" rel=\"nofollow noopener\">Bilderna fr\u00e5n JVM s\u00e5gas: \u201dDet \u00e4r skamligt\u201d<\/a>&nbsp;&nbsp;Expressen<\/li>\n<li><a href=\"https:\/\/news.google.com\/rss\/articles\/CBMiQEFVX3lxTE96b0NoYm5OWXphZDFldmRXc3d3VjQ3YWFhT3JjRTlwUlRsUThnSUp5dVRmVVNUWFhSZXlKQVBfaDY?oc=5\" target=\"_blank\" rel=\"nofollow noopener\">Lagkaptenen kritisk trots 6\u20132-seger \u00f6ver Danmark: \u201dVi har inte r\u00e5d med s\u00e5dana misstag\u201d<\/a>&nbsp;&nbsp;Yle<\/li>\n<li><a href=\"https:\/\/news.google.com\/rss\/articles\/CBMic0FVX3lxTE5jUzJuTVhLR1p4amhIVEVnOEpIS2NaNXk4VGV6aEg0T0VuUG5fRXBWbnZDSzVqN0dFZWZHTWhlbFRtUzUxcVNicXdEMVdGMjYxMXNmWG5QVkkzN1UzVzY0MjBiZGFEZ1hOQlJ0VWdZazhDcUE?oc=5\" target=\"_blank\" rel=\"nofollow noopener\">Svagt Danmark ingen match f\u00f6r Finland<\/a>&nbsp;&nbsp;Hufvudstadsbladet<\/li>\n<\/ol>\n","protected":false},"excerpt":{"rendered":"S\u00e5gar JVM-bilderna i premi\u00e4ren: &#8221;Skamligt&#8221;&nbsp;&nbsp;HockeyNews JVM-bilderna s\u00e5gas: \u201d\u00c4r skamligt\u201d&nbsp;&nbsp;Aftonbladet Bilderna fr\u00e5n JVM s\u00e5gas: \u201dDet \u00e4r skamligt\u201d&nbsp;&nbsp;Expressen Lagkaptenen kritisk&hellip;\n","protected":false},"author":2,"featured_media":118463,"comment_status":"","ping_status":"","sticky":false,"template":"","format":"standard","meta":{"footnotes":""},"categories":[5],"tags":[22,23,26,27,17,21,24,25,28,29,15,16,18,34,31,33,32,30,19,20],"class_list":{"0":"post-118462","1":"post","2":"type-post","3":"status-publish","4":"format-standard","5":"has-post-thumbnail","7":"category-rubriker","8":"tag-breaking-news","9":"tag-breakingnews","10":"tag-featured-news","11":"tag-featurednews","12":"tag-headlines","13":"tag-huvudnyheter","14":"tag-latest-news","15":"tag-latestnews","16":"tag-main-news","17":"tag-mainnews","18":"tag-news","19":"tag-nyheter","20":"tag-rubriker","21":"tag-se","22":"tag-svenska","23":"tag-sverige","24":"tag-sweden","25":"tag-swedish","26":"tag-top-stories","27":"tag-topstories"},"share_on_mastodon":{"url":"https:\/\/pubeurope.com\/@se\/115791947544291422","error":""},"_links":{"self":[{"href":"https:\/\/www.europesays.com\/se\/wp-json\/wp\/v2\/posts\/118462","targetHints":{"allow":["GET"]}}],"collection":[{"href":"https:\/\/www.europesays.com\/se\/wp-json\/wp\/v2\/posts"}],"about":[{"href":"https:\/\/www.europesays.com\/se\/wp-json\/wp\/v2\/types\/post"}],"author":[{"embeddable":true,"href":"https:\/\/www.europesays.com\/se\/wp-json\/wp\/v2\/users\/2"}],"replies":[{"embeddable":true,"href":"https:\/\/www.europesays.com\/se\/wp-json\/wp\/v2\/comments?post=118462"}],"version-history":[{"count":0,"href":"https:\/\/www.europesays.com\/se\/wp-json\/wp\/v2\/posts\/118462\/revisions"}],"wp:featuredmedia":[{"embeddable":true,"href":"https:\/\/www.europesays.com\/se\/wp-json\/wp\/v2\/media\/118463"}],"wp:attachment":[{"href":"https:\/\/www.europesays.com\/se\/wp-json\/wp\/v2\/media?parent=118462"}],"wp:term":[{"taxonomy":"category","embeddable":true,"href":"https:\/\/www.europesays.com\/se\/wp-json\/wp\/v2\/categories?post=118462"},{"taxonomy":"post_tag","embeddable":true,"href":"https:\/\/www.europesays.com\/se\/wp-json\/wp\/v2\/tags?post=118462"}],"curies":[{"name":"wp","href":"https:\/\/api.w.org\/{rel}","templated":true}]}}