{"id":118472,"date":"2025-12-27T14:38:09","date_gmt":"2025-12-27T14:38:09","guid":{"rendered":"https:\/\/www.europesays.com\/se\/118472\/"},"modified":"2025-12-27T14:38:09","modified_gmt":"2025-12-27T14:38:09","slug":"tak-pa-hotell-sodra-berget-i-sundsvall-har-blast-bort-blaser-orkanstyrka-har","status":"publish","type":"post","link":"https:\/\/www.europesays.com\/se\/118472\/","title":{"rendered":"Tak p\u00e5 Hotell S\u00f6dra berget i Sundsvall har bl\u00e5st bort: \u201dBl\u00e5ser orkanstyrka h\u00e4r\u201d"},"content":{"rendered":"<p>Strax efter klockan 12 larmades r\u00e4ddningstj\u00e4nsten till Hotell S\u00f6dra berget i Sundsvall. <\/p>\n<p>\u2013 Delar av pl\u00e5ttaket ska h\u00e4nga p\u00e5 sidan av hotellet, s\u00e4ger r\u00e4ddningstj\u00e4nstens larmoperat\u00f6r. <\/p>\n<p>P\u00e5 v\u00e4gen upp till berget ska det \u00e4ven varit nedfallna tr\u00e4d som r\u00e4ddningstj\u00e4nsten fick plocka bort f\u00f6r att ta sig fram.<\/p>\n<p>Den stora entr\u00e9n till hotellet \u00e4r nu avsp\u00e4rrad och g\u00e4sterna f\u00e5r anv\u00e4nda en annan entr\u00e9. <\/p>\n<p>\u201dOtroligt stark vind\u201d<\/p>\n<p>SVT:s reporter ber\u00e4ttar att han aldrig varit med om s\u00e5dan bl\u00e5st som det var p\u00e5 l\u00f6rdagsf\u00f6rmiddagen p\u00e5 parkeringen vid Hotell S\u00f6dra berget. <\/p>\n","protected":false},"excerpt":{"rendered":"Strax efter klockan 12 larmades r\u00e4ddningstj\u00e4nsten till Hotell S\u00f6dra berget i Sundsvall. \u2013 Delar av pl\u00e5ttaket ska h\u00e4nga&hellip;\n","protected":false},"author":2,"featured_media":118473,"comment_status":"","ping_status":"","sticky":false,"template":"","format":"standard","meta":{"footnotes":""},"categories":[12],"tags":[22,23,26,27,17,21,24,25,28,29,15,16,18,34,31,33,32,30,19,20],"class_list":{"0":"post-118472","1":"post","2":"type-post","3":"status-publish","4":"format-standard","5":"has-post-thumbnail","7":"category-sverige","8":"tag-breaking-news","9":"tag-breakingnews","10":"tag-featured-news","11":"tag-featurednews","12":"tag-headlines","13":"tag-huvudnyheter","14":"tag-latest-news","15":"tag-latestnews","16":"tag-main-news","17":"tag-mainnews","18":"tag-news","19":"tag-nyheter","20":"tag-rubriker","21":"tag-se","22":"tag-svenska","23":"tag-sverige","24":"tag-sweden","25":"tag-swedish","26":"tag-top-stories","27":"tag-topstories"},"share_on_mastodon":{"url":"https:\/\/pubeurope.com\/@se\/115792046028196274","error":""},"_links":{"self":[{"href":"https:\/\/www.europesays.com\/se\/wp-json\/wp\/v2\/posts\/118472","targetHints":{"allow":["GET"]}}],"collection":[{"href":"https:\/\/www.europesays.com\/se\/wp-json\/wp\/v2\/posts"}],"about":[{"href":"https:\/\/www.europesays.com\/se\/wp-json\/wp\/v2\/types\/post"}],"author":[{"embeddable":true,"href":"https:\/\/www.europesays.com\/se\/wp-json\/wp\/v2\/users\/2"}],"replies":[{"embeddable":true,"href":"https:\/\/www.europesays.com\/se\/wp-json\/wp\/v2\/comments?post=118472"}],"version-history":[{"count":0,"href":"https:\/\/www.europesays.com\/se\/wp-json\/wp\/v2\/posts\/118472\/revisions"}],"wp:featuredmedia":[{"embeddable":true,"href":"https:\/\/www.europesays.com\/se\/wp-json\/wp\/v2\/media\/118473"}],"wp:attachment":[{"href":"https:\/\/www.europesays.com\/se\/wp-json\/wp\/v2\/media?parent=118472"}],"wp:term":[{"taxonomy":"category","embeddable":true,"href":"https:\/\/www.europesays.com\/se\/wp-json\/wp\/v2\/categories?post=118472"},{"taxonomy":"post_tag","embeddable":true,"href":"https:\/\/www.europesays.com\/se\/wp-json\/wp\/v2\/tags?post=118472"}],"curies":[{"name":"wp","href":"https:\/\/api.w.org\/{rel}","templated":true}]}}