{"id":118478,"date":"2025-12-27T14:46:11","date_gmt":"2025-12-27T14:46:11","guid":{"rendered":"https:\/\/www.europesays.com\/se\/118478\/"},"modified":"2025-12-27T14:46:11","modified_gmt":"2025-12-27T14:46:11","slug":"fran-mammas-kok-till-internationella-butikshyllor","status":"publish","type":"post","link":"https:\/\/www.europesays.com\/se\/118478\/","title":{"rendered":"Fr\u00e5n mammas k\u00f6k till internationella butikshyllor"},"content":{"rendered":"<p><strong>N\u00e4r Ismail Ali var 16 \u00e5r ins\u00e5g han att utbudet av produkter f\u00f6r texturerat h\u00e5r var n\u00e4st intill obefintligt. De produkter som fanns ute p\u00e5 marknaden inneh\u00f6ll massa ingredienser som var sv\u00e5ra att uttala och l\u00e5g ofta p\u00e5 en h\u00f6g prislapp. L\u00f6sningen f\u00f6r honom blev d\u00e5 att skapa n\u00e5got sj\u00e4lv.\u00a0<\/strong><\/p>\n<p>Med bland annat oljor, sheasm\u00f6r och mammas stavmixer b\u00f6rjade han experimentera i k\u00f6ket varje dag efter skolan. Det var l\u00e5ngt ifr\u00e5n problemfritt. Blandningen m\u00f6glade och utrustningen gick s\u00f6nder. Ismail menar att mamma inte var n\u00e5got st\u00f6rre fan av hans experimenterande, men att det l\u00f6nade sig sex \u00e5r senare. Det visade sig vara b\u00f6rjan p\u00e5 Ali\u00e9 Moisture, en framg\u00e5ngssaga.<br \/>\u4e00 Jag extrakn\u00e4ckte p\u00e5 ett barntivoli och tj\u00e4nade runt 60 kronor i timmen. Jag sparade ihop 3500 kronor helt p\u00e5 egen hand, gick hem och s\u00f6kte p\u00e5 Youtube: \u201cHow to make a conditioner\u201d ber\u00e4ttar Ismail Ali.\u00a0<\/p>\n<p>Annons:<a class=\"gofollow\" data-track=\"NDAyLDEsNjA=\" href=\"https:\/\/ung.stockholm\/aktuellt\/?t=event&amp;c=363&amp;di=17\" rel=\"nofollow noopener\" target=\"_blank\"><img decoding=\"async\" src=\"https:\/\/www.europesays.com\/se\/wp-content\/uploads\/2025\/12\/NY-SthlmStad-120363-251219-NyhetsbyranJarva.gif\"\/><\/a><\/p>\n<blockquote>\n<p>Efter m\u00e5nga f\u00f6rs\u00f6k, utan n\u00e5gon framg\u00e5ng, m\u00e4rkte Ismail vad som saknades.<\/p>\n<\/blockquote>\n<p>Efter m\u00e5nga f\u00f6rs\u00f6k, utan n\u00e5gon framg\u00e5ng, m\u00e4rkte Ismail vad som saknades. N\u00e4mligen konserveringsmedel. Genom egen research l\u00e4rde sig Ismail vad som kr\u00e4vdes f\u00f6r att tillverka h\u00e5llbara h\u00e5rprodukter. Efter n\u00e5gra \u00e5r hade han sparat ihop tillr\u00e4ckligt med kapital och blev beviljad ett stipendium fr\u00e5n Wallenbergstiftelsen, vilket gjorde det m\u00f6jligt att outsourca produktionen och vidareutveckla formulan tillsammans med italienska kemister.<\/p>\n<p>En av de st\u00f6rsta utmaningarna f\u00f6r Ali\u00e9 Moisture var att f\u00e5 in den f\u00f6rsta \u00e5terf\u00f6rs\u00e4ljaren. Efter att sk\u00f6nhetskedjan Taj Mahal valde att tro p\u00e5 Ismails vision tog det fart och fl\u00f6t p\u00e5. Det blev ocks\u00e5 startskottet f\u00f6r internationaliseringen av m\u00e4rket.<\/p>\n<p>Under resans g\u00e5ng har Ismail varit med om flera betydelsefulla \u00f6gonblick. Som att influencern Filip Dikmen blev bland de f\u00f6rsta i Sverige som lyfte produkterna p\u00e5 sociala medier och att det k\u00e4ndes som ett kvitto p\u00e5 att f\u00f6retaget var p\u00e5 v\u00e4g \u00e5t r\u00e4tt h\u00e5ll. \u00c4ven uppm\u00e4rksamheten fr\u00e5n Chioma Ikokwu och Mariam Timmer fr\u00e5n Real Housewives of Lagos blev nyckeln in till den nigerianska marknaden.<\/p>\n<blockquote>\n<p>P\u00e5 dagen var jag student och p\u00e5 kv\u00e4llarna \u00f6vergick jag till VD<\/p>\n<\/blockquote>\n<p>Extra stolt \u00e4r han \u00f6ver sin examen inom f\u00f6retagsekonomi som han tog i somras.<br \/>\u4e00 Jag byggde Ali\u00e9 Moisture fr\u00e5n grunden n\u00e4r jag gick i gymnasiet och sedan universitetet. P\u00e5 dagen var jag student och p\u00e5 kv\u00e4llarna \u00f6vergick jag till VD. <\/p>\n<p><img loading=\"lazy\" decoding=\"async\" width=\"1024\" height=\"575\" src=\"https:\/\/www.europesays.com\/se\/wp-content\/uploads\/2025\/12\/smailalialiemoisture-1024x575.jpg\" alt=\"\" class=\"wp-image-133829\"  \/><\/p>\n<p>F\u00f6retaget har endast f\u00e5tt ett f\u00e5tal returer sedan f\u00f6rs\u00e4ljningsstart. Ismail menar att det beror p\u00e5 att produkterna utvecklas i dialog med anv\u00e4ndarna via sociala medier. Deras grundv\u00e4rdering \u00e4r att jobba n\u00e4ra kunden.<br \/>\u4e00 V\u00e5rt community \u00e4r s\u00e5 involverade i arbetet att vi kan l\u00e4gga upp en h\u00e4ndelse p\u00e5 instagram-kontot och fr\u00e5ga hur de vill att vi designar etiketter eller omr\u00f6stning om doften p\u00e5 produkter.\u00a0<\/p>\n<blockquote>\n<p>Fram\u00e5t har Ali\u00e9 Moisture flera nya projekt planerade<\/p>\n<\/blockquote>\n<p>Fram\u00e5t har Ali\u00e9 Moisture flera nya projekt planerade. Bland annat att starta Ali\u00e9 Fonden med syfte att st\u00f6tta unga i omr\u00e5den utanf\u00f6r tullarna i att uppn\u00e5 sina dr\u00f6mmar inom entrepren\u00f6rskap. Som entrepren\u00f6r har han l\u00e4rt sig att ett nej inte alltid beh\u00f6ver vara slutgiltigt och att man ibland beh\u00f6ver lyssna mer \u00e4n vad man pratar f\u00f6r att kunna h\u00f6ra vad som s\u00e4gs mellan raderna.<\/p>\n<p>Ismail ber\u00e4ttar att det som driver honom egentligen \u00e4r att skapa v\u00e4rde genom inkludering och h\u00e5llbarhet. Han menar att tillg\u00e5ng till h\u00e5rv\u00e5rd f\u00f6r texturerat h\u00e5r leder till representation och acceptans. Det faktum att han som 16-\u00e5ring var tvungen att skapa egna produkter s\u00e4ger mycket om hur synen f\u00f6r h\u00e5r, som inte \u00e4r rakt, s\u00e5g ut d\u00e5.<\/p>\n<p><strong>Esra Aydogan<\/strong>\n<\/p>\n<p>                    <a href=\"#\" rel=\"nofollow\" onclick=\"window.print(); return false;\" title=\"Printer Friendly, PDF &amp; Email\"><br \/>\n                    <img decoding=\"async\" class=\"pf-button-img\" src=\"https:\/\/www.europesays.com\/se\/wp-content\/uploads\/2025\/08\/printfriendly-pdf-button-nobg-md.png\" alt=\"Print Friendly, PDF &amp; Email\" style=\"width: 124px;height: 30px;\"\/><br \/>\n                    <\/a><\/p>\n","protected":false},"excerpt":{"rendered":"N\u00e4r Ismail Ali var 16 \u00e5r ins\u00e5g han att utbudet av produkter f\u00f6r texturerat h\u00e5r var n\u00e4st intill&hellip;\n","protected":false},"author":2,"featured_media":118479,"comment_status":"","ping_status":"","sticky":false,"template":"","format":"standard","meta":{"footnotes":""},"categories":[12],"tags":[12681,22,23,88,26,27,12682,1064,17,21,12683,1429,24,25,28,29,15,16,6741,18,34,31,33,32,30,12684,19,1432,20],"class_list":{"0":"post-118478","1":"post","2":"type-post","3":"status-publish","4":"format-standard","5":"has-post-thumbnail","7":"category-sverige","8":"tag-alie-moisture","9":"tag-breaking-news","10":"tag-breakingnews","11":"tag-entreprenor","12":"tag-featured-news","13":"tag-featurednews","14":"tag-har","15":"tag-harvard","16":"tag-headlines","17":"tag-huvudnyheter","18":"tag-ismail-ali","19":"tag-jarva","20":"tag-latest-news","21":"tag-latestnews","22":"tag-main-news","23":"tag-mainnews","24":"tag-news","25":"tag-nyheter","26":"tag-rinkeby","27":"tag-rubriker","28":"tag-se","29":"tag-svenska","30":"tag-sverige","31":"tag-sweden","32":"tag-swedish","33":"tag-texturerat-har","34":"tag-top-stories","35":"tag-topp","36":"tag-topstories"},"share_on_mastodon":{"url":"https:\/\/pubeurope.com\/@se\/115792077635397726","error":""},"_links":{"self":[{"href":"https:\/\/www.europesays.com\/se\/wp-json\/wp\/v2\/posts\/118478","targetHints":{"allow":["GET"]}}],"collection":[{"href":"https:\/\/www.europesays.com\/se\/wp-json\/wp\/v2\/posts"}],"about":[{"href":"https:\/\/www.europesays.com\/se\/wp-json\/wp\/v2\/types\/post"}],"author":[{"embeddable":true,"href":"https:\/\/www.europesays.com\/se\/wp-json\/wp\/v2\/users\/2"}],"replies":[{"embeddable":true,"href":"https:\/\/www.europesays.com\/se\/wp-json\/wp\/v2\/comments?post=118478"}],"version-history":[{"count":0,"href":"https:\/\/www.europesays.com\/se\/wp-json\/wp\/v2\/posts\/118478\/revisions"}],"wp:featuredmedia":[{"embeddable":true,"href":"https:\/\/www.europesays.com\/se\/wp-json\/wp\/v2\/media\/118479"}],"wp:attachment":[{"href":"https:\/\/www.europesays.com\/se\/wp-json\/wp\/v2\/media?parent=118478"}],"wp:term":[{"taxonomy":"category","embeddable":true,"href":"https:\/\/www.europesays.com\/se\/wp-json\/wp\/v2\/categories?post=118478"},{"taxonomy":"post_tag","embeddable":true,"href":"https:\/\/www.europesays.com\/se\/wp-json\/wp\/v2\/tags?post=118478"}],"curies":[{"name":"wp","href":"https:\/\/api.w.org\/{rel}","templated":true}]}}