{"id":118480,"date":"2025-12-27T14:47:29","date_gmt":"2025-12-27T14:47:29","guid":{"rendered":"https:\/\/www.europesays.com\/se\/118480\/"},"modified":"2025-12-27T14:47:29","modified_gmt":"2025-12-27T14:47:29","slug":"mamman-om-mordmisstankte-sonen-han-kan-vara-farlig","status":"publish","type":"post","link":"https:\/\/www.europesays.com\/se\/118480\/","title":{"rendered":"Mamman om mordmisst\u00e4nkte sonen: \u201dHan kan vara farlig\u201d"},"content":{"rendered":"<p class=\"sc-c25743f0-0 sc-e37c0145-2 hObFds DQgPn\"><strong>Under juldagen intr\u00e4ffade ett <\/strong><a href=\"https:\/\/www.tv4.se\/artikel\/3JBFaojfj5ua3IXmekwknD\/boende-i-chock-efter-brutala-valdsdadet-kan-inte-tro-att-det-aer-sant\" class=\"pcc\" target=\"_top\" rel=\"nofollow noopener\"><strong>v\u00e5ldsd\u00e5d i Boden <\/strong><\/a><strong>d\u00e4r en 55-\u00e5rig kvinna miste livet. <br \/>Ytterligare tv\u00e5 personer v\u00e5rdas fortfarande p\u00e5 sjukhus, och nu tr\u00e4der den mordmisst\u00e4nktes mamma fram.<br \/>\u2013 Jag \u00e4r j\u00e4ttebesviken p\u00e5 v\u00e5rden, s\u00e4ger mamman till NSD. <\/strong><\/p>\n<p class=\"sc-c25743f0-0 sc-e37c0145-2 hObFds DQgPn\">I en intervju med Norrl\u00e4ndska Socialdemokraten ber\u00e4ttar nu mamman till den 22-\u00e5rige misst\u00e4nkta g\u00e4rningsmannen om sonen.<\/p>\n<p class=\"sc-c25743f0-0 sc-e37c0145-2 hObFds DQgPn\">\u2013 Jag ins\u00e5g att han kan vara farlig mot sig sj\u00e4lv eller andra, n\u00e4r han var p\u00e5 botten av sina diagnoser. Jag hade varit r\u00e4dd f\u00f6r honom ett tag och b\u00f6rjat l\u00e5sa sovrumsd\u00f6rren n\u00e4r jag sov, d\u00e5 jag m\u00e4rkte att han inte var sig sj\u00e4lv, s\u00e4ger hon till tidningen. <\/p>\n<p>Bed\u00f6mdes inte som en risk<\/p>\n<p class=\"sc-c25743f0-0 sc-e37c0145-2 hObFds DQgPn\">Den 22-\u00e5rige mannen led av psykisk oh\u00e4lsa och hade tidigare f\u00f6rs\u00f6kt ta sitt liv. I ett reportage som tidningen publicerade i somras ber\u00e4ttade mamman att hon vid flera tillf\u00e4llen larmat om att sonen skrivits ut f\u00f6r tidigt fr\u00e5n psykiatrin. Anh\u00f6riga har l\u00e4nge f\u00f6rs\u00f6kt f\u00e5 honom kvar p\u00e5 psykiatrin under en l\u00e4ngre tid, men enligt NSD bed\u00f6mdes han inte som en risk f\u00f6r varken sig sj\u00e4lv eller andra. <\/p>\n<p class=\"sc-c25743f0-0 sc-e37c0145-2 hObFds DQgPn\">Han fick medicin utskriven, men slutade ta den p\u00e5 grund av biverkningar. Efter att ha slutat med medicinen blev mannen tv\u00e5ngsinlagd p\u00e5 psykiatrin den 17 december, uppger NSD. <\/p>\n<p class=\"sc-c25743f0-0 sc-e37c0145-2 hObFds DQgPn\">\u2013 Jag blev s\u00e5 l\u00e4ttad n\u00e4r han fick beviljat tv\u00e5ngsv\u00e5rd, jag k\u00e4nde att de r\u00e4ddade livet p\u00e5 honom eller n\u00e5gon annan, s\u00e4ger mamman. <\/p>\n<p>\u201dJ\u00e4ttebesviken p\u00e5 v\u00e5rden\u201d<\/p>\n<p class=\"sc-c25743f0-0 sc-e37c0145-2 hObFds DQgPn\">Trots det blev mannen utskriven efter en dag. <\/p>\n<p class=\"sc-c25743f0-0 sc-e37c0145-2 hObFds DQgPn\">\u2013 Om han f\u00e5tt r\u00e4tt hj\u00e4lp och blivit inskriven p\u00e5 psykiatrin en l\u00e4ngre tid och inte blivit utskriven dagen efter, s\u00e5 hade kanske inte detta h\u00e4nt. Jag \u00e4r j\u00e4ttebesviken p\u00e5 v\u00e5rden, s\u00e4ger mamman. <\/p>\n","protected":false},"excerpt":{"rendered":"Under juldagen intr\u00e4ffade ett v\u00e5ldsd\u00e5d i Boden d\u00e4r en 55-\u00e5rig kvinna miste livet. Ytterligare tv\u00e5 personer v\u00e5rdas fortfarande&hellip;\n","protected":false},"author":2,"featured_media":118481,"comment_status":"","ping_status":"","sticky":false,"template":"","format":"standard","meta":{"footnotes":""},"categories":[5],"tags":[22,23,26,27,17,21,24,25,28,29,15,16,18,34,31,33,32,30,19,20],"class_list":{"0":"post-118480","1":"post","2":"type-post","3":"status-publish","4":"format-standard","5":"has-post-thumbnail","7":"category-rubriker","8":"tag-breaking-news","9":"tag-breakingnews","10":"tag-featured-news","11":"tag-featurednews","12":"tag-headlines","13":"tag-huvudnyheter","14":"tag-latest-news","15":"tag-latestnews","16":"tag-main-news","17":"tag-mainnews","18":"tag-news","19":"tag-nyheter","20":"tag-rubriker","21":"tag-se","22":"tag-svenska","23":"tag-sverige","24":"tag-sweden","25":"tag-swedish","26":"tag-top-stories","27":"tag-topstories"},"share_on_mastodon":{"url":"https:\/\/pubeurope.com\/@se\/115792081300765583","error":""},"_links":{"self":[{"href":"https:\/\/www.europesays.com\/se\/wp-json\/wp\/v2\/posts\/118480","targetHints":{"allow":["GET"]}}],"collection":[{"href":"https:\/\/www.europesays.com\/se\/wp-json\/wp\/v2\/posts"}],"about":[{"href":"https:\/\/www.europesays.com\/se\/wp-json\/wp\/v2\/types\/post"}],"author":[{"embeddable":true,"href":"https:\/\/www.europesays.com\/se\/wp-json\/wp\/v2\/users\/2"}],"replies":[{"embeddable":true,"href":"https:\/\/www.europesays.com\/se\/wp-json\/wp\/v2\/comments?post=118480"}],"version-history":[{"count":0,"href":"https:\/\/www.europesays.com\/se\/wp-json\/wp\/v2\/posts\/118480\/revisions"}],"wp:featuredmedia":[{"embeddable":true,"href":"https:\/\/www.europesays.com\/se\/wp-json\/wp\/v2\/media\/118481"}],"wp:attachment":[{"href":"https:\/\/www.europesays.com\/se\/wp-json\/wp\/v2\/media?parent=118480"}],"wp:term":[{"taxonomy":"category","embeddable":true,"href":"https:\/\/www.europesays.com\/se\/wp-json\/wp\/v2\/categories?post=118480"},{"taxonomy":"post_tag","embeddable":true,"href":"https:\/\/www.europesays.com\/se\/wp-json\/wp\/v2\/tags?post=118480"}],"curies":[{"name":"wp","href":"https:\/\/api.w.org\/{rel}","templated":true}]}}