{"id":118484,"date":"2025-12-27T14:54:08","date_gmt":"2025-12-27T14:54:08","guid":{"rendered":"https:\/\/www.europesays.com\/se\/118484\/"},"modified":"2025-12-27T14:54:08","modified_gmt":"2025-12-27T14:54:08","slug":"milo-pavlovic-och-benjamin-zulovic-skriver-avtal-med-ifk-varnamo","status":"publish","type":"post","link":"https:\/\/www.europesays.com\/se\/118484\/","title":{"rendered":"Milo Pavlovic och Benjamin Zulovic skriver avtal med IFK V\u00e4rnamo"},"content":{"rendered":"<p>Milo Pavlovic och Benjamin Zulovic skriver avtal med IFK V\u00e4rnamo<\/p>\n<p><strong>Milo Pavlovic och Benjamin Zulovic som till h\u00f6r v\u00e5r akademi har nu skrivit p\u00e5 varsina avtal med klubben.<\/strong><\/p>\n<p>Benjamin Zulovic \u00e4r f\u00f6dd 2007 och han ansl\u00f6t till IFK V\u00e4rnamo fr\u00e5n Anderstorps IF 2021.<br \/>\nUnder 2025 har han utvecklats p\u00e5 ett bra s\u00e4tt, och under h\u00f6sten har han tr\u00e4nat en hel del med A-truppen. Benjamin har nu skrivit p\u00e5 ett avtal \u00f6ver 2027 med IFK V\u00e4rnamo.<\/p>\n<p>Milo Pavlovic \u00e4r f\u00f6dd 2010 och han startade i IFK V\u00e4rnamos fotbollsskola som 6-\u00e5ring. Han har under 2025 flyttats upp i P19 truppen, och med en fortsatt fin utveckling \u00e4r vi glada att kunna meddela att han signerat ett tre\u00e5rigt avtal med f\u00f6reningen.<\/p>\n","protected":false},"excerpt":{"rendered":"Milo Pavlovic och Benjamin Zulovic skriver avtal med IFK V\u00e4rnamo Milo Pavlovic och Benjamin Zulovic som till h\u00f6r&hellip;\n","protected":false},"author":2,"featured_media":118485,"comment_status":"","ping_status":"","sticky":false,"template":"","format":"standard","meta":{"footnotes":""},"categories":[12],"tags":[22,23,26,27,17,21,24,25,28,29,15,16,18,34,31,33,32,30,19,20],"class_list":{"0":"post-118484","1":"post","2":"type-post","3":"status-publish","4":"format-standard","5":"has-post-thumbnail","7":"category-sverige","8":"tag-breaking-news","9":"tag-breakingnews","10":"tag-featured-news","11":"tag-featurednews","12":"tag-headlines","13":"tag-huvudnyheter","14":"tag-latest-news","15":"tag-latestnews","16":"tag-main-news","17":"tag-mainnews","18":"tag-news","19":"tag-nyheter","20":"tag-rubriker","21":"tag-se","22":"tag-svenska","23":"tag-sverige","24":"tag-sweden","25":"tag-swedish","26":"tag-top-stories","27":"tag-topstories"},"share_on_mastodon":{"url":"https:\/\/pubeurope.com\/@se\/115792108918607155","error":""},"_links":{"self":[{"href":"https:\/\/www.europesays.com\/se\/wp-json\/wp\/v2\/posts\/118484","targetHints":{"allow":["GET"]}}],"collection":[{"href":"https:\/\/www.europesays.com\/se\/wp-json\/wp\/v2\/posts"}],"about":[{"href":"https:\/\/www.europesays.com\/se\/wp-json\/wp\/v2\/types\/post"}],"author":[{"embeddable":true,"href":"https:\/\/www.europesays.com\/se\/wp-json\/wp\/v2\/users\/2"}],"replies":[{"embeddable":true,"href":"https:\/\/www.europesays.com\/se\/wp-json\/wp\/v2\/comments?post=118484"}],"version-history":[{"count":0,"href":"https:\/\/www.europesays.com\/se\/wp-json\/wp\/v2\/posts\/118484\/revisions"}],"wp:featuredmedia":[{"embeddable":true,"href":"https:\/\/www.europesays.com\/se\/wp-json\/wp\/v2\/media\/118485"}],"wp:attachment":[{"href":"https:\/\/www.europesays.com\/se\/wp-json\/wp\/v2\/media?parent=118484"}],"wp:term":[{"taxonomy":"category","embeddable":true,"href":"https:\/\/www.europesays.com\/se\/wp-json\/wp\/v2\/categories?post=118484"},{"taxonomy":"post_tag","embeddable":true,"href":"https:\/\/www.europesays.com\/se\/wp-json\/wp\/v2\/tags?post=118484"}],"curies":[{"name":"wp","href":"https:\/\/api.w.org\/{rel}","templated":true}]}}