{"id":118492,"date":"2025-12-27T15:04:10","date_gmt":"2025-12-27T15:04:10","guid":{"rendered":"https:\/\/www.europesays.com\/se\/118492\/"},"modified":"2025-12-27T15:04:10","modified_gmt":"2025-12-27T15:04:10","slug":"investmentbanken-aktierna-att-satsa-pa-2026-di","status":"publish","type":"post","link":"https:\/\/www.europesays.com\/se\/118492\/","title":{"rendered":"Investmentbanken: Aktierna att satsa p\u00e5 2026 &#8211; DI"},"content":{"rendered":"<ol>\n<li><a href=\"https:\/\/news.google.com\/rss\/articles\/CBMiekFVX3lxTE1QVjFCaHFpY3c5R2tKd05pc3V0M0VtdjBUNE96VDlURmRCTUZRdkdRVF9KWXJWaV8tVkh3STBjc1BPLTY4X3J3OXlRT3RMN1B5WEhnTUpTQ0xlSXk3M09qZms2eHRUTmI0ZTFPeEI0RDFma0p2QnBOd3Vn?oc=5\" target=\"_blank\" rel=\"nofollow noopener\">Investmentbanken: Aktierna att satsa p\u00e5 2026<\/a>&nbsp;&nbsp;DI<\/li>\n<li><a href=\"https:\/\/news.google.com\/rss\/articles\/CBMigwFBVV95cUxNNjFZaHg1a2d2TW5iQkhiM0YzMGUtenU1dFJMWE1ub1VLSWQ4YWFsN1dvWUpsTG50VEo1cE12TGhjaHhFVEo0VHBuRjMzcUNZN09rRFlHRW1nSk5vcmxTbmFQVnY5QW5YWE9FSHdkV09qbW5OaFJxQ2tONEZfNmZsZU9FYw?oc=5\" target=\"_blank\" rel=\"nofollow noopener\">AI \u00f6verraskar ingen \u2013 v\u00e4ljer Nvidia som aktie f\u00f6r 2026<\/a>&nbsp;&nbsp;Omni<\/li>\n<li><a href=\"https:\/\/news.google.com\/rss\/articles\/CBMidEFVX3lxTFBjRUNSTUJVdTZBWE9LVEVzZkhrVTdLMjJIUWcxSE0xUGU2Y3pwazJwUDBUS210U1JrT3JVcnB2eG9BamxndVZZcHkzbklobTk1WXhpREFESU9LQllCRlZIUWV0enV5U0kxUkoyekQ3VmJLMVkx?oc=5\" target=\"_blank\" rel=\"nofollow noopener\">Investmentbanken: Aktierna som blir n\u00e4sta AI-vinnare<\/a>&nbsp;&nbsp;EFN.se<\/li>\n<li><a href=\"https:\/\/news.google.com\/rss\/articles\/CBMimwFBVV95cUxPamdwX3JxTFc5Mm42aEQ4a0VLbU9MQm53U2hSd0NpRFRmM3RFcndraGtIaGYzMkwyeTRLZ0dONmZ3YlpWQWVsM0FvWHJkRzltV3lDV1hiMkhWZEN4aWFSVUxWZUNINDF3bHQ1NS1FVGVDVkx5Q1R6ZnRlWHJ5YlRwMU1rOGdFOWU2bU1fREl0Yk5aeXZnazZFakxadw?oc=5\" target=\"_blank\" rel=\"nofollow noopener\">Bank of America: Det h\u00e4r \u00e4r v\u00e4rldens viktigaste aktier 2026<\/a>&nbsp;&nbsp;B\u00f6rskollen<\/li>\n<li><a href=\"https:\/\/news.google.com\/rss\/articles\/CBMihgFBVV95cUxQdFJIelhya2phSDBpa19uNEtVeFFYTUxEU3JDSWZQTmZPSFZJZE4zU2VfQXlYQVNfTV9LWEs4YnNtbV90YTJhSEhydlpLelVNQXB1cWhGb0FqdTBtMGUyTjdUQ28wZ2tzU2N5YWJ0WWNBeER0dmtURVBiNGVSN2JLeVNXcGRFQQ?oc=5\" target=\"_blank\" rel=\"nofollow noopener\">H\u00e4r \u00e4r storbankens toppval f\u00f6r b\u00f6rsen 2026<\/a>&nbsp;&nbsp;B\u00f6rskollen<\/li>\n<\/ol>\n","protected":false},"excerpt":{"rendered":"Investmentbanken: Aktierna att satsa p\u00e5 2026&nbsp;&nbsp;DI AI \u00f6verraskar ingen \u2013 v\u00e4ljer Nvidia som aktie f\u00f6r 2026&nbsp;&nbsp;Omni Investmentbanken: Aktierna&hellip;\n","protected":false},"author":2,"featured_media":118493,"comment_status":"","ping_status":"","sticky":false,"template":"","format":"standard","meta":{"footnotes":""},"categories":[5],"tags":[22,23,26,27,17,21,24,25,28,29,15,16,18,34,31,33,32,30,19,20],"class_list":{"0":"post-118492","1":"post","2":"type-post","3":"status-publish","4":"format-standard","5":"has-post-thumbnail","7":"category-rubriker","8":"tag-breaking-news","9":"tag-breakingnews","10":"tag-featured-news","11":"tag-featurednews","12":"tag-headlines","13":"tag-huvudnyheter","14":"tag-latest-news","15":"tag-latestnews","16":"tag-main-news","17":"tag-mainnews","18":"tag-news","19":"tag-nyheter","20":"tag-rubriker","21":"tag-se","22":"tag-svenska","23":"tag-sverige","24":"tag-sweden","25":"tag-swedish","26":"tag-top-stories","27":"tag-topstories"},"share_on_mastodon":{"url":"https:\/\/pubeurope.com\/@se\/115792148119821073","error":""},"_links":{"self":[{"href":"https:\/\/www.europesays.com\/se\/wp-json\/wp\/v2\/posts\/118492","targetHints":{"allow":["GET"]}}],"collection":[{"href":"https:\/\/www.europesays.com\/se\/wp-json\/wp\/v2\/posts"}],"about":[{"href":"https:\/\/www.europesays.com\/se\/wp-json\/wp\/v2\/types\/post"}],"author":[{"embeddable":true,"href":"https:\/\/www.europesays.com\/se\/wp-json\/wp\/v2\/users\/2"}],"replies":[{"embeddable":true,"href":"https:\/\/www.europesays.com\/se\/wp-json\/wp\/v2\/comments?post=118492"}],"version-history":[{"count":0,"href":"https:\/\/www.europesays.com\/se\/wp-json\/wp\/v2\/posts\/118492\/revisions"}],"wp:featuredmedia":[{"embeddable":true,"href":"https:\/\/www.europesays.com\/se\/wp-json\/wp\/v2\/media\/118493"}],"wp:attachment":[{"href":"https:\/\/www.europesays.com\/se\/wp-json\/wp\/v2\/media?parent=118492"}],"wp:term":[{"taxonomy":"category","embeddable":true,"href":"https:\/\/www.europesays.com\/se\/wp-json\/wp\/v2\/categories?post=118492"},{"taxonomy":"post_tag","embeddable":true,"href":"https:\/\/www.europesays.com\/se\/wp-json\/wp\/v2\/tags?post=118492"}],"curies":[{"name":"wp","href":"https:\/\/api.w.org\/{rel}","templated":true}]}}