{"id":118494,"date":"2025-12-27T15:06:31","date_gmt":"2025-12-27T15:06:31","guid":{"rendered":"https:\/\/www.europesays.com\/se\/118494\/"},"modified":"2025-12-27T15:06:31","modified_gmt":"2025-12-27T15:06:31","slug":"jullovscupen-for-barn-startar-i-folkungahallen","status":"publish","type":"post","link":"https:\/\/www.europesays.com\/se\/118494\/","title":{"rendered":"Jullovscupen f\u00f6r barn startar i Folkungahallen"},"content":{"rendered":"<p>\u00c4n dr\u00f6jer det n\u00e5gon dryg vecka innan elever och skolpersonal intar Folkungaskolans lokaler men inne i Folkungahallen \u00e4r det fullt \u00f6s medvetsl\u00f6s. Barn och ungdomar mellan \u00e5tta och tretton \u00e5r m\u00f6ter varandra i \u00e5rets upplaga av BK Derbys Jullovscup.\u00a0De 73 anm\u00e4lda lagen \u00e4r utspridda \u00f6ver nio dagar och det \u00e4r pojkar f\u00f6dda 2012 som spelar under l\u00f6rdagen, den f\u00f6rsta dagen.\u00a0\u2013 <\/p>\n","protected":false},"excerpt":{"rendered":"\u00c4n dr\u00f6jer det n\u00e5gon dryg vecka innan elever och skolpersonal intar Folkungaskolans lokaler men inne i Folkungahallen \u00e4r&hellip;\n","protected":false},"author":2,"featured_media":118495,"comment_status":"","ping_status":"","sticky":false,"template":"","format":"standard","meta":{"footnotes":""},"categories":[68],"tags":[34,111,110,31,33,32,30],"class_list":{"0":"post-118494","1":"post","2":"type-post","3":"status-publish","4":"format-standard","5":"has-post-thumbnail","7":"category-sport","8":"tag-se","9":"tag-sport","10":"tag-sports","11":"tag-svenska","12":"tag-sverige","13":"tag-sweden","14":"tag-swedish"},"share_on_mastodon":{"url":"https:\/\/pubeurope.com\/@se\/115792155981175221","error":""},"_links":{"self":[{"href":"https:\/\/www.europesays.com\/se\/wp-json\/wp\/v2\/posts\/118494","targetHints":{"allow":["GET"]}}],"collection":[{"href":"https:\/\/www.europesays.com\/se\/wp-json\/wp\/v2\/posts"}],"about":[{"href":"https:\/\/www.europesays.com\/se\/wp-json\/wp\/v2\/types\/post"}],"author":[{"embeddable":true,"href":"https:\/\/www.europesays.com\/se\/wp-json\/wp\/v2\/users\/2"}],"replies":[{"embeddable":true,"href":"https:\/\/www.europesays.com\/se\/wp-json\/wp\/v2\/comments?post=118494"}],"version-history":[{"count":0,"href":"https:\/\/www.europesays.com\/se\/wp-json\/wp\/v2\/posts\/118494\/revisions"}],"wp:featuredmedia":[{"embeddable":true,"href":"https:\/\/www.europesays.com\/se\/wp-json\/wp\/v2\/media\/118495"}],"wp:attachment":[{"href":"https:\/\/www.europesays.com\/se\/wp-json\/wp\/v2\/media?parent=118494"}],"wp:term":[{"taxonomy":"category","embeddable":true,"href":"https:\/\/www.europesays.com\/se\/wp-json\/wp\/v2\/categories?post=118494"},{"taxonomy":"post_tag","embeddable":true,"href":"https:\/\/www.europesays.com\/se\/wp-json\/wp\/v2\/tags?post=118494"}],"curies":[{"name":"wp","href":"https:\/\/api.w.org\/{rel}","templated":true}]}}