{"id":118498,"date":"2025-12-27T15:15:21","date_gmt":"2025-12-27T15:15:21","guid":{"rendered":"https:\/\/www.europesays.com\/se\/118498\/"},"modified":"2025-12-27T15:15:21","modified_gmt":"2025-12-27T15:15:21","slug":"elangas-skada-inte-allvarlig-hoppas-fa-tillbaka-snart","status":"publish","type":"post","link":"https:\/\/www.europesays.com\/se\/118498\/","title":{"rendered":"Elangas skada inte allvarlig: \u201dHoppas f\u00e5 tillbaka snart\u201d"},"content":{"rendered":"<p><a data-test-tag=\"internal-link\" href=\"https:\/\/www.aftonbladet.se\/av\/benjamin-hanafi\" class=\"hyperion-css-13ns1rr\" rel=\"nofollow noopener\" target=\"\" aria-label=\"Se alla artiklar av Benjamin Hanafi\"><img decoding=\"async\" class=\"image-asset hyperion-css-n6kkq1\" data-test-tag=\"image-asset\" src=\"https:\/\/www.europesays.com\/se\/wp-content\/uploads\/2025\/12\/1766848520_826_ed296fd6-161a-49a4-8ec7-d71c8d0a5a1b\"  alt=\"\"  loading=\"lazy\" fetchpriority=\"auto\" style=\"aspect-ratio:1900 \/ 1900\"\/><\/a><\/p>\n<p class=\"boxtextgrotesk-root_baa6 hyperion-css-1w346fg\">Uppdaterad 11.03 | Publicerad 10.48<\/p>\n<p>share-arrowDela<\/p>\n<p>unsaveSpara<\/p>\n<p>Lyssna p\u00e5 artikelnLyssna p\u00e5&#8230;<\/p>\n<p class=\"hyperion-css-1shl3oz\" data-test-tag=\"lead-text\">Eddie Howe hoppas att Anthony Elanga, 23, snart \u00e4r tillbaka i spel.<\/p>\n<p class=\"hyperion-css-1shl3oz\" data-test-tag=\"lead-text\">Svenskens skada ska inte vara alltf\u00f6r allvarlig.<\/p>\n<p class=\"hyperion-css-1v9qo5x\">Inf\u00f6r fredagens m\u00f6te med Manchester United kom Newcastle med beskedet att Elanga skulle missa matchen p\u00e5 grund av skada.<\/p>\n<p class=\"hyperion-css-1v9qo5x\">Vilken typ av skada angavs inte, utan bara att svensken fick en sm\u00e4ll mot Chelsea f\u00f6rra l\u00f6rdagen.<\/p>\n<p class=\"hyperion-css-1v9qo5x\">Men efter matchen kom Eddie Howe med lugnande besked.<\/p>\n<p>expand-left<\/p>\n<p>helsk\u00e4rm<img decoding=\"async\" class=\"image-asset hyperion-css-u06ts1\" data-test-tag=\"image-asset\" src=\"https:\/\/www.europesays.com\/se\/wp-content\/uploads\/2025\/12\/cab71623-b912-43c3-8563-5bf249ac451e\"  alt=\"Anthony Elanga.\"  loading=\"eager\" fetchpriority=\"high\" style=\"aspect-ratio:1900 \/ 1267\"\/>Anthony Elanga. Foto: George Wood \/ Getty Images<\/p>\n<p class=\"hyperion-css-1v9qo5x\">\u2013 Vi tror inte att det \u00e4r alltf\u00f6r allvarligt och hoppas f\u00e5 honom tillbaka snabbt, s\u00e4ger Newcastles tr\u00e4nare enligt Chronicle Live.<\/p>\n<p>M\u00e5lvakten str\u00f6ks<\/p>\n<p class=\"hyperion-css-1v9qo5x\">Howe gav \u00e4ven besked kring m\u00e5lvakten Nick Pope som str\u00f6ks fr\u00e5n truppen kort innan matchstart.<\/p>\n<p class=\"hyperion-css-1v9qo5x\">\u2013 Nick k\u00e4nde sig sjuk n\u00e4r han v\u00e4rmde upp, s\u00e5 jag tror inte att det fanns n\u00e5gon chans att han skulle ha kunnat spela, men vi kommer att g\u00f6ra en bed\u00f6mning innan n\u00e4sta match.<\/p>\n<p class=\"hyperion-css-1v9qo5x\"><a data-test-tag=\"internal-link\" href=\"https:\/\/www.aftonbladet.se\/sportbladet\/a\/aJw81E\/manchester-united-vann-mot-newcastle-tog-forsta-hemmasegern-pa-old-trafford-pa-tva-manader\" class=\"hyperion-css-15jkft9\" rel=\"nofollow noopener\" target=\"\" aria-label=\"Manchester United vann matchen med 1\u20130.\" theme=\"sportbladet\">Manchester United vann matchen med 1\u20130.<\/a><\/p>\n","protected":false},"excerpt":{"rendered":"Uppdaterad 11.03 | Publicerad 10.48 share-arrowDela unsaveSpara Lyssna p\u00e5 artikelnLyssna p\u00e5&#8230; Eddie Howe hoppas att Anthony Elanga, 23,&hellip;\n","protected":false},"author":2,"featured_media":118499,"comment_status":"","ping_status":"","sticky":false,"template":"","format":"standard","meta":{"footnotes":""},"categories":[68],"tags":[34,111,110,31,33,32,30],"class_list":{"0":"post-118498","1":"post","2":"type-post","3":"status-publish","4":"format-standard","5":"has-post-thumbnail","7":"category-sport","8":"tag-se","9":"tag-sport","10":"tag-sports","11":"tag-svenska","12":"tag-sverige","13":"tag-sweden","14":"tag-swedish"},"share_on_mastodon":{"url":"https:\/\/pubeurope.com\/@se\/115792191646589049","error":""},"_links":{"self":[{"href":"https:\/\/www.europesays.com\/se\/wp-json\/wp\/v2\/posts\/118498","targetHints":{"allow":["GET"]}}],"collection":[{"href":"https:\/\/www.europesays.com\/se\/wp-json\/wp\/v2\/posts"}],"about":[{"href":"https:\/\/www.europesays.com\/se\/wp-json\/wp\/v2\/types\/post"}],"author":[{"embeddable":true,"href":"https:\/\/www.europesays.com\/se\/wp-json\/wp\/v2\/users\/2"}],"replies":[{"embeddable":true,"href":"https:\/\/www.europesays.com\/se\/wp-json\/wp\/v2\/comments?post=118498"}],"version-history":[{"count":0,"href":"https:\/\/www.europesays.com\/se\/wp-json\/wp\/v2\/posts\/118498\/revisions"}],"wp:featuredmedia":[{"embeddable":true,"href":"https:\/\/www.europesays.com\/se\/wp-json\/wp\/v2\/media\/118499"}],"wp:attachment":[{"href":"https:\/\/www.europesays.com\/se\/wp-json\/wp\/v2\/media?parent=118498"}],"wp:term":[{"taxonomy":"category","embeddable":true,"href":"https:\/\/www.europesays.com\/se\/wp-json\/wp\/v2\/categories?post=118498"},{"taxonomy":"post_tag","embeddable":true,"href":"https:\/\/www.europesays.com\/se\/wp-json\/wp\/v2\/tags?post=118498"}],"curies":[{"name":"wp","href":"https:\/\/api.w.org\/{rel}","templated":true}]}}