{"id":118500,"date":"2025-12-27T15:16:11","date_gmt":"2025-12-27T15:16:11","guid":{"rendered":"https:\/\/www.europesays.com\/se\/118500\/"},"modified":"2025-12-27T15:16:11","modified_gmt":"2025-12-27T15:16:11","slug":"hundratusentals-aldre-kan-hamna-utanfor-nar-samhallet-digitaliseras","status":"publish","type":"post","link":"https:\/\/www.europesays.com\/se\/118500\/","title":{"rendered":"Hundratusentals \u00e4ldre kan hamna utanf\u00f6r n\u00e4r samh\u00e4llet digitaliseras"},"content":{"rendered":"<p>En ny l\u00e4gesbild visar att m\u00e5nga \u00e4ldre saknar f\u00f6ruts\u00e4ttningar att delta fullt ut i samh\u00e4llet. Problemen kvarst\u00e5r trots h\u00f6g digitalisering i Sverige och ansvaret hamnar i praktiken ofta p\u00e5 individen. \u2013 Digitaliseringen bygger p\u00e5 att m\u00e5nga kan och v\u00e5gar anv\u00e4nda digitala tj\u00e4nster men vi ser att stora grupper fortfarande saknar f\u00f6ruts\u00e4ttningar eller m\u00f6jlighet att f\u00e5 hj\u00e4lp, s\u00e4ger Dan Sj\u00f6blom, Generaldirekt\u00f6r f\u00f6r Post- och telestyrelsen till Senioren.<\/p>\n","protected":false},"excerpt":{"rendered":"En ny l\u00e4gesbild visar att m\u00e5nga \u00e4ldre saknar f\u00f6ruts\u00e4ttningar att delta fullt ut i samh\u00e4llet. Problemen kvarst\u00e5r trots&hellip;\n","protected":false},"author":2,"featured_media":118501,"comment_status":"","ping_status":"","sticky":false,"template":"","format":"standard","meta":{"footnotes":""},"categories":[67],"tags":[104,34,31,33,32,30,105],"class_list":{"0":"post-118500","1":"post","2":"type-post","3":"status-publish","4":"format-standard","5":"has-post-thumbnail","7":"category-underhallning","8":"tag-entertainment","9":"tag-se","10":"tag-svenska","11":"tag-sverige","12":"tag-sweden","13":"tag-swedish","14":"tag-underhallning"},"share_on_mastodon":{"url":"https:\/\/pubeurope.com\/@se\/115792195303611447","error":""},"_links":{"self":[{"href":"https:\/\/www.europesays.com\/se\/wp-json\/wp\/v2\/posts\/118500","targetHints":{"allow":["GET"]}}],"collection":[{"href":"https:\/\/www.europesays.com\/se\/wp-json\/wp\/v2\/posts"}],"about":[{"href":"https:\/\/www.europesays.com\/se\/wp-json\/wp\/v2\/types\/post"}],"author":[{"embeddable":true,"href":"https:\/\/www.europesays.com\/se\/wp-json\/wp\/v2\/users\/2"}],"replies":[{"embeddable":true,"href":"https:\/\/www.europesays.com\/se\/wp-json\/wp\/v2\/comments?post=118500"}],"version-history":[{"count":0,"href":"https:\/\/www.europesays.com\/se\/wp-json\/wp\/v2\/posts\/118500\/revisions"}],"wp:featuredmedia":[{"embeddable":true,"href":"https:\/\/www.europesays.com\/se\/wp-json\/wp\/v2\/media\/118501"}],"wp:attachment":[{"href":"https:\/\/www.europesays.com\/se\/wp-json\/wp\/v2\/media?parent=118500"}],"wp:term":[{"taxonomy":"category","embeddable":true,"href":"https:\/\/www.europesays.com\/se\/wp-json\/wp\/v2\/categories?post=118500"},{"taxonomy":"post_tag","embeddable":true,"href":"https:\/\/www.europesays.com\/se\/wp-json\/wp\/v2\/tags?post=118500"}],"curies":[{"name":"wp","href":"https:\/\/api.w.org\/{rel}","templated":true}]}}