{"id":118502,"date":"2025-12-27T15:22:08","date_gmt":"2025-12-27T15:22:08","guid":{"rendered":"https:\/\/www.europesays.com\/se\/118502\/"},"modified":"2025-12-27T15:22:08","modified_gmt":"2025-12-27T15:22:08","slug":"dodsdomda-zahras-svenske-son-ett-rent-helvete","status":"publish","type":"post","link":"https:\/\/www.europesays.com\/se\/118502\/","title":{"rendered":"D\u00f6dsd\u00f6mda Zahras svenske son: \u201dEtt rent helvete\u201d"},"content":{"rendered":"<p>Svenske Soroush Sammaks mamma Zahra Tabari, 67 \u00e5r, d\u00f6mdes till d\u00f6den efter tio minuters r\u00e4tteg\u00e5ng via video i Iran, enligt GP. \u00d6ver 400 inflytelserika kvinnor har skrivit under ett upprop f\u00f6r att stoppa hennes avr\u00e4ttning, enligt France 24. <\/p>\n<p>\u2013 Jag g\u00e5r och l\u00e4gger mig med r\u00e4dslan att f\u00f6rlora henne och vaknar med hoppet att se henne fri, s\u00e4ger Soroush Sammak till Aftonbladet. <\/p>\n<p>Modern levde i Sverige en tid p\u00e5 00-talet och \u00e5terv\u00e4nde sedan till Iran och ett jobb p\u00e5 det statliga elbolaget. F\u00f6r tre \u00e5r sedan anklagades hon f\u00f6r samr\u00f6re med oppositionella Folkets Mujahedin, n\u00e5got hon f\u00f6rnekar. Bland bevisen mot henne i r\u00e4tteg\u00e5ngen d\u00e4r hon d\u00f6mdes till d\u00f6den fanns en tygbit med texten \u201dkvinna, liv, frihet\u201d, som representerar kvinnor\u00e4ttsr\u00f6relsen, enligt GP.<\/p>\n<p>Den iranska regimen har avr\u00e4ttat minst 1\u202f922 m\u00e4nniskor i \u00e5r, mer \u00e4n dubbelt s\u00e5 m\u00e5nga som i fjol och fler \u00e4n p\u00e5 decennier, enligt den Londonbaserade nyhetssajten Iran International. <\/p>\n<p>Omni \u00e4r politiskt obundna och oberoende. Vi str\u00e4var efter att ge fler perspektiv p\u00e5 nyheterna. Har du fr\u00e5gor eller synpunkter kring v\u00e5r rapportering? <a href=\"https:\/\/omni.se\/dodsdomda-zahras-svenske-son-ett-rent-helvete\/a\/mailto:redaktion@omni.se\" class=\"ArticleActions_contactLink__W2F1M\" rel=\"nofollow noopener\" target=\"_blank\">Kontakta redaktionen<\/a><\/p>\n","protected":false},"excerpt":{"rendered":"Svenske Soroush Sammaks mamma Zahra Tabari, 67 \u00e5r, d\u00f6mdes till d\u00f6den efter tio minuters r\u00e4tteg\u00e5ng via video i&hellip;\n","protected":false},"author":2,"featured_media":118503,"comment_status":"","ping_status":"","sticky":false,"template":"","format":"standard","meta":{"footnotes":""},"categories":[5],"tags":[22,23,26,27,17,21,1530,24,25,28,29,124,15,16,18,34,31,33,32,30,19,20],"class_list":{"0":"post-118502","1":"post","2":"type-post","3":"status-publish","4":"format-standard","5":"has-post-thumbnail","7":"category-rubriker","8":"tag-breaking-news","9":"tag-breakingnews","10":"tag-featured-news","11":"tag-featurednews","12":"tag-headlines","13":"tag-huvudnyheter","14":"tag-iran","15":"tag-latest-news","16":"tag-latestnews","17":"tag-main-news","18":"tag-mainnews","19":"tag-mellanostern","20":"tag-news","21":"tag-nyheter","22":"tag-rubriker","23":"tag-se","24":"tag-svenska","25":"tag-sverige","26":"tag-sweden","27":"tag-swedish","28":"tag-top-stories","29":"tag-topstories"},"share_on_mastodon":{"url":"https:\/\/pubeurope.com\/@se\/115792218868848521","error":""},"_links":{"self":[{"href":"https:\/\/www.europesays.com\/se\/wp-json\/wp\/v2\/posts\/118502","targetHints":{"allow":["GET"]}}],"collection":[{"href":"https:\/\/www.europesays.com\/se\/wp-json\/wp\/v2\/posts"}],"about":[{"href":"https:\/\/www.europesays.com\/se\/wp-json\/wp\/v2\/types\/post"}],"author":[{"embeddable":true,"href":"https:\/\/www.europesays.com\/se\/wp-json\/wp\/v2\/users\/2"}],"replies":[{"embeddable":true,"href":"https:\/\/www.europesays.com\/se\/wp-json\/wp\/v2\/comments?post=118502"}],"version-history":[{"count":0,"href":"https:\/\/www.europesays.com\/se\/wp-json\/wp\/v2\/posts\/118502\/revisions"}],"wp:featuredmedia":[{"embeddable":true,"href":"https:\/\/www.europesays.com\/se\/wp-json\/wp\/v2\/media\/118503"}],"wp:attachment":[{"href":"https:\/\/www.europesays.com\/se\/wp-json\/wp\/v2\/media?parent=118502"}],"wp:term":[{"taxonomy":"category","embeddable":true,"href":"https:\/\/www.europesays.com\/se\/wp-json\/wp\/v2\/categories?post=118502"},{"taxonomy":"post_tag","embeddable":true,"href":"https:\/\/www.europesays.com\/se\/wp-json\/wp\/v2\/tags?post=118502"}],"curies":[{"name":"wp","href":"https:\/\/api.w.org\/{rel}","templated":true}]}}