{"id":118504,"date":"2025-12-27T15:24:18","date_gmt":"2025-12-27T15:24:18","guid":{"rendered":"https:\/\/www.europesays.com\/se\/118504\/"},"modified":"2025-12-27T15:24:18","modified_gmt":"2025-12-27T15:24:18","slug":"salah-avgjorde-igen-egypten-vidare-hufvudstadsbladet-2","status":"publish","type":"post","link":"https:\/\/www.europesays.com\/se\/118504\/","title":{"rendered":"Salah avgjorde igen \u2013 Egypten vidare &#8211; Hufvudstadsbladet"},"content":{"rendered":"<ol>\n<li><a href=\"https:\/\/news.google.com\/rss\/articles\/CBMib0FVX3lxTE1mLXd1RHo2cC1kbWI3TFlNQWpnZzQwY0RpU2tHWkV6MVNrd3Rydkp6Sks0Q1BNb0Q1WGo3Zno0Y2czMTEtYmJ1cnlHNEVVX09peWFPLWo1REtJa2prYkdOUUo5eV9rekdhSUsyd0JCbw?oc=5\" target=\"_blank\" rel=\"nofollow noopener\">Salah avgjorde igen \u2013 Egypten vidare<\/a>&nbsp;&nbsp;Hufvudstadsbladet<\/li>\n<li><a href=\"https:\/\/news.google.com\/rss\/articles\/CBMirwFBVV95cUxNd2F5WkRYLUtwNF9xSl9oRndDU25DRlBpb1hJNGpHR0JtSTRjZ0xSamU4RHd3YTlrQWFJdFQ4dkRTMEZtRmU2ZU9YWHlNdW1zZzZmbTJCNmJVTmxIajdxYTBpNmlmU3pyLXBvRmRwVW1DNUZYSldyd19jb0o3ajNnYjZ2VFNWQWtpLXAtSlJPSGU1dV9aQ0E4LTFRLUF1aFlkZ19kX0lNNmtBX2I2Tk1B?oc=5\" target=\"_blank\" rel=\"nofollow noopener\">Salah hj\u00e4lte igen \u2013 s\u00e4nkte Sydafrika<\/a>&nbsp;&nbsp;Aftonbladet<\/li>\n<li><a href=\"https:\/\/news.google.com\/rss\/articles\/CBMigAFBVV95cUxNZFNFUFdXWmZkN2xnZ0J1VFpJR2w0YkJQVkdkVmVrdlpuSkM3SmNuN3kwQXpMWWRjWk9fUGpJdGxQRi1JRXdjTkU3YU1WVVFyM1o0ZUJuZkVlbThaUXhaX0U2ZjlTQlAxQV9QcGhRR0JCYTVRZXNKcm8wamNINm42YQ?oc=5\" target=\"_blank\" rel=\"nofollow noopener\">Fotboll: Mohamed Salah avgjorde igen \u2013 Egypten vidare trots r\u00f6tt kort<\/a>&nbsp;&nbsp;SVT Nyheter<\/li>\n<li><a href=\"https:\/\/news.google.com\/rss\/articles\/CBMifEFVX3lxTE5ITDJIaTloSnFxSlZ4UHZUY2ZmT1NNcU5Tbm9ScGlfZ1hOYnhqUThtbkV0YXRkb1BlV0RXQURCTDQ5bjhOS2RZZGM4NmM5eVMydkd6MHcyUjhsYWg0Wm1majhCM0Jsbm04R3VnRXQ0STlySDh3S0tpUU9NYnM?oc=5\" target=\"_blank\" rel=\"nofollow noopener\">Mohamed Salah hj\u00e4lte f\u00f6r Egypten i Afrikanska M\u00e4sterskapen<\/a>&nbsp;&nbsp;Expressen<\/li>\n<li><a href=\"https:\/\/news.google.com\/rss\/articles\/CBMiZEFVX3lxTFA5WThpMWRlYk9adUFub2VqbEN5TGswcWdkVm9IQlVGd1dtVEpWSVUtb1lZMklNT3JaN3BHY2FCSEJUZDlTSGc3emNYMzNPX0JYcjc2dDFoNzhpSFZabW1jSnBpM04?oc=5\" target=\"_blank\" rel=\"nofollow noopener\">AFCON dag 6<\/a>&nbsp;&nbsp;SvenskaFans.com<\/li>\n<\/ol>\n","protected":false},"excerpt":{"rendered":"Salah avgjorde igen \u2013 Egypten vidare&nbsp;&nbsp;Hufvudstadsbladet Salah hj\u00e4lte igen \u2013 s\u00e4nkte Sydafrika&nbsp;&nbsp;Aftonbladet Fotboll: Mohamed Salah avgjorde igen \u2013&hellip;\n","protected":false},"author":2,"featured_media":118085,"comment_status":"","ping_status":"","sticky":false,"template":"","format":"standard","meta":{"footnotes":""},"categories":[68],"tags":[34,111,110,31,33,32,30],"class_list":{"0":"post-118504","1":"post","2":"type-post","3":"status-publish","4":"format-standard","5":"has-post-thumbnail","7":"category-sport","8":"tag-se","9":"tag-sport","10":"tag-sports","11":"tag-svenska","12":"tag-sverige","13":"tag-sweden","14":"tag-swedish"},"share_on_mastodon":{"url":"https:\/\/pubeurope.com\/@se\/115792226892351261","error":""},"_links":{"self":[{"href":"https:\/\/www.europesays.com\/se\/wp-json\/wp\/v2\/posts\/118504","targetHints":{"allow":["GET"]}}],"collection":[{"href":"https:\/\/www.europesays.com\/se\/wp-json\/wp\/v2\/posts"}],"about":[{"href":"https:\/\/www.europesays.com\/se\/wp-json\/wp\/v2\/types\/post"}],"author":[{"embeddable":true,"href":"https:\/\/www.europesays.com\/se\/wp-json\/wp\/v2\/users\/2"}],"replies":[{"embeddable":true,"href":"https:\/\/www.europesays.com\/se\/wp-json\/wp\/v2\/comments?post=118504"}],"version-history":[{"count":0,"href":"https:\/\/www.europesays.com\/se\/wp-json\/wp\/v2\/posts\/118504\/revisions"}],"wp:featuredmedia":[{"embeddable":true,"href":"https:\/\/www.europesays.com\/se\/wp-json\/wp\/v2\/media\/118085"}],"wp:attachment":[{"href":"https:\/\/www.europesays.com\/se\/wp-json\/wp\/v2\/media?parent=118504"}],"wp:term":[{"taxonomy":"category","embeddable":true,"href":"https:\/\/www.europesays.com\/se\/wp-json\/wp\/v2\/categories?post=118504"},{"taxonomy":"post_tag","embeddable":true,"href":"https:\/\/www.europesays.com\/se\/wp-json\/wp\/v2\/tags?post=118504"}],"curies":[{"name":"wp","href":"https:\/\/api.w.org\/{rel}","templated":true}]}}