{"id":118507,"date":"2025-12-27T15:30:11","date_gmt":"2025-12-27T15:30:11","guid":{"rendered":"https:\/\/www.europesays.com\/se\/118507\/"},"modified":"2025-12-27T15:30:11","modified_gmt":"2025-12-27T15:30:11","slug":"martin-lundberg-tillbaka-i-aik-pa-jakt-efter-sjatte-sm-guldet-norran","status":"publish","type":"post","link":"https:\/\/www.europesays.com\/se\/118507\/","title":{"rendered":"Martin Lundberg tillbaka i AIK \u2013 p\u00e5 jakt efter sj\u00e4tte SM-guldet &#8211; Norran"},"content":{"rendered":"<ol>\n<li><a href=\"https:\/\/news.google.com\/rss\/articles\/CBMitgFBVV95cUxNUTR2ZGtKM2VLQXF3VjZDdkV1dmhIdUg1WEREMDQtNjA2aGZFQVE1cmVXZFhMVm5qM2h0NmVWeUNSajVNSUFyWHpYNlpvdnpoNjNyODBZSTdIZ2dpdHBkVk9YXzFIMnpGMVhkUVcxQkJ4Z2VadG43YU42NzJzX1RVUjVhal9zaTAwc2ViRDRVWnYwY0IyNkVGVHM4LWJsSlZpUE8wWWNscUViYkE2MXRxUWtOUlpMQQ?oc=5\" target=\"_blank\" rel=\"nofollow noopener\">Martin Lundberg tillbaka i AIK \u2013 p\u00e5 jakt efter sj\u00e4tte SM-guldet<\/a>&nbsp;&nbsp;Norran<\/li>\n<li><a href=\"https:\/\/news.google.com\/rss\/articles\/CBMikAFBVV95cUxNeUp3Tk1PWUM0ZU54c0p3SVJ1a2QyS21WZXlPaVdwVzRXX0NaUjdyUlN0NzR5WHNGT3QyWVBJRk1obVR6NWRWRDNvWEI4VkdtQVRaUE5IQy1aQXJSSldDbEo5NHJ0TWVzSDJrOHRQRTA4a2puRTNYaDBQYTR3bTQzdDNCdFJuN0RlWHhVWVZzYjI?oc=5\" target=\"_blank\" rel=\"nofollow noopener\">Ishockey: Femfaldig SM-guldvinnare till Skellefte\u00e5 \u2013 Senaste nytt: SHL<\/a>&nbsp;&nbsp;SVT Nyheter<\/li>\n<li><a href=\"https:\/\/news.google.com\/rss\/articles\/CBMihgFBVV95cUxPRnN3TVpablFHcFNSWXN2N3IyOVN5Zm1DY2RhejRaSk95cTdwS08xcE42X083V0dWYlFUR0pQN0gyVHg4ZFdKM1hZWGw3UTRzTVlHY3pBcU9zS21kc3otOEhTQTlxaDFHcHBjeEpCd3AwMU5TXzA3aW9nS1JsNlRoZjBLbXJ2UQ?oc=5\" target=\"_blank\" rel=\"nofollow noopener\">Uppgifter: \u00c5terv\u00e4nder till Skellefte\u00e5<\/a>&nbsp;&nbsp;Folkbladet<\/li>\n<li><a href=\"https:\/\/news.google.com\/rss\/articles\/CBMijAFBVV95cUxPeXRuTmZNOFI2bXVqUHE0Vzg2TEJYQnVnVDZkODR5OXJJUVBhcnF2RXNLZVNoSE15SWFMZjJuSU9RQ0RMTVZoV0I1VWJrWFMySUlfX25kbi1wdWp6M3ZmTzJmaXZYbkdud3ZFNHhjNUtBMVFXLXBtcE5tb2Z5SjNqaHFSY0oydXJKanRXZg?oc=5\" target=\"_blank\" rel=\"nofollow noopener\">Avsl\u00f6jar: Lundberg p\u00e5 v\u00e4g mot comeback i Skellefte\u00e5<\/a>&nbsp;&nbsp;Expressen<\/li>\n<li><a href=\"https:\/\/news.google.com\/rss\/articles\/CBMiowFBVV95cUxObzFTY3k5d29DR3BhMjFnQ01vNUV0czliWThWSDNtc2dEVk53YWpFdXhDN1BzZDdFZ1Jfa2NEUzQzaWNrMUZkd1BZZjUzTUJHUmVINEd1bGE3QlZWcWh4UXlUV2U5Q1JtVTRDenBjekdfNEo2OUQ1UU8xMTlzZzIzbzZ0X09wUVZQb0VWVUg3Z1FLMFVYOE1TZ1RxUWNtMnN5aTBR?oc=5\" target=\"_blank\" rel=\"nofollow noopener\">Guldhj\u00e4lten tillbaka: \u201dK\u00e4nns s\u00e5klart superkul\u201d<\/a>&nbsp;&nbsp;Aftonbladet<\/li>\n<\/ol>\n","protected":false},"excerpt":{"rendered":"Martin Lundberg tillbaka i AIK \u2013 p\u00e5 jakt efter sj\u00e4tte SM-guldet&nbsp;&nbsp;Norran Ishockey: Femfaldig SM-guldvinnare till Skellefte\u00e5 \u2013 Senaste&hellip;\n","protected":false},"author":2,"featured_media":118508,"comment_status":"","ping_status":"","sticky":false,"template":"","format":"standard","meta":{"footnotes":""},"categories":[5],"tags":[22,23,26,27,17,21,24,25,28,29,15,16,18,34,31,33,32,30,19,20],"class_list":{"0":"post-118507","1":"post","2":"type-post","3":"status-publish","4":"format-standard","5":"has-post-thumbnail","7":"category-rubriker","8":"tag-breaking-news","9":"tag-breakingnews","10":"tag-featured-news","11":"tag-featurednews","12":"tag-headlines","13":"tag-huvudnyheter","14":"tag-latest-news","15":"tag-latestnews","16":"tag-main-news","17":"tag-mainnews","18":"tag-news","19":"tag-nyheter","20":"tag-rubriker","21":"tag-se","22":"tag-svenska","23":"tag-sverige","24":"tag-sweden","25":"tag-swedish","26":"tag-top-stories","27":"tag-topstories"},"share_on_mastodon":{"url":"https:\/\/pubeurope.com\/@se\/115792250334517447","error":""},"_links":{"self":[{"href":"https:\/\/www.europesays.com\/se\/wp-json\/wp\/v2\/posts\/118507","targetHints":{"allow":["GET"]}}],"collection":[{"href":"https:\/\/www.europesays.com\/se\/wp-json\/wp\/v2\/posts"}],"about":[{"href":"https:\/\/www.europesays.com\/se\/wp-json\/wp\/v2\/types\/post"}],"author":[{"embeddable":true,"href":"https:\/\/www.europesays.com\/se\/wp-json\/wp\/v2\/users\/2"}],"replies":[{"embeddable":true,"href":"https:\/\/www.europesays.com\/se\/wp-json\/wp\/v2\/comments?post=118507"}],"version-history":[{"count":0,"href":"https:\/\/www.europesays.com\/se\/wp-json\/wp\/v2\/posts\/118507\/revisions"}],"wp:featuredmedia":[{"embeddable":true,"href":"https:\/\/www.europesays.com\/se\/wp-json\/wp\/v2\/media\/118508"}],"wp:attachment":[{"href":"https:\/\/www.europesays.com\/se\/wp-json\/wp\/v2\/media?parent=118507"}],"wp:term":[{"taxonomy":"category","embeddable":true,"href":"https:\/\/www.europesays.com\/se\/wp-json\/wp\/v2\/categories?post=118507"},{"taxonomy":"post_tag","embeddable":true,"href":"https:\/\/www.europesays.com\/se\/wp-json\/wp\/v2\/tags?post=118507"}],"curies":[{"name":"wp","href":"https:\/\/api.w.org\/{rel}","templated":true}]}}