{"id":118513,"date":"2025-12-27T15:35:09","date_gmt":"2025-12-27T15:35:09","guid":{"rendered":"https:\/\/www.europesays.com\/se\/118513\/"},"modified":"2025-12-27T15:35:09","modified_gmt":"2025-12-27T15:35:09","slug":"man-avliden-i-sandviken-fick-trad-over-sig","status":"publish","type":"post","link":"https:\/\/www.europesays.com\/se\/118513\/","title":{"rendered":"Man avliden i Sandviken &#8211; fick tr\u00e4d \u00f6ver sig"},"content":{"rendered":"<p class=\"boxtextgrotesk-root_baa6 hyperion-css-7pajle\">Uppdaterad 16.25 | Publicerad 16.19<\/p>\n<p>share-arrowDela<\/p>\n<p>unsaveSpara<\/p>\n<p>expand-left<\/p>\n<p>helsk\u00e4rm<img decoding=\"async\" class=\"image-asset hyperion-css-u06ts1\" data-test-tag=\"image-asset\" src=\"https:\/\/www.europesays.com\/se\/wp-content\/uploads\/2025\/12\/64ec088b-ee83-40fc-beeb-72cf45902aec\"  alt=\"En man i Sandviken avled efter att ha f\u00e5tt ett nedbl\u00e5st tr\u00e4d \u00f6ver sig. Arkivbild.\"  loading=\"eager\" fetchpriority=\"high\" style=\"aspect-ratio:1900 \/ 1267\"\/>En man i Sandviken avled efter att ha f\u00e5tt ett nedbl\u00e5st tr\u00e4d \u00f6ver sig. Arkivbild. Foto: Christine Olsson\/TT<\/p>\n<p class=\"hyperion-css-1v9qo5x\">En man har avlidit efter att ha f\u00e5tt ett tr\u00e4d \u00f6ver sig i Sandviken, rapporterar SVT G\u00e4vleborg.<\/p>\n<p class=\"hyperion-css-1v9qo5x\">Mannen, i 50-\u00e5rs\u00e5ldern var ute och gick i ett elljussp\u00e5r vid Kungsbergets skidanl\u00e4ggning n\u00e4r ett tr\u00e4d bl\u00e5ste omkull i stormen.<\/p>\n<p class=\"hyperion-css-1v9qo5x\">Larmet kom in till <a data-test-tag=\"internal-link\" href=\"https:\/\/www.aftonbladet.se\/tagg\/sos-alarm\" class=\"hyperion-css-15jkft9\" rel=\"nofollow noopener\" target=\"\" aria-label=\"SOS Alarm\">SOS Alarm<\/a> vid 13-tiden. Mannen f\u00f6rdes sv\u00e5rt skadad till sjukhus med ambulans, men hans liv gick inte att r\u00e4dda.<\/p>\n","protected":false},"excerpt":{"rendered":"Uppdaterad 16.25 | Publicerad 16.19 share-arrowDela unsaveSpara expand-left helsk\u00e4rmEn man i Sandviken avled efter att ha f\u00e5tt ett&hellip;\n","protected":false},"author":2,"featured_media":118514,"comment_status":"","ping_status":"","sticky":false,"template":"","format":"standard","meta":{"footnotes":""},"categories":[65],"tags":[72,70,71,34,31,33,32,30],"class_list":{"0":"post-118513","1":"post","2":"type-post","3":"status-publish","4":"format-standard","5":"has-post-thumbnail","7":"category-ekonomi","8":"tag-business","9":"tag-economy","10":"tag-ekonomi","11":"tag-se","12":"tag-svenska","13":"tag-sverige","14":"tag-sweden","15":"tag-swedish"},"share_on_mastodon":{"url":"https:\/\/pubeurope.com\/@se\/115792270235280672","error":""},"_links":{"self":[{"href":"https:\/\/www.europesays.com\/se\/wp-json\/wp\/v2\/posts\/118513","targetHints":{"allow":["GET"]}}],"collection":[{"href":"https:\/\/www.europesays.com\/se\/wp-json\/wp\/v2\/posts"}],"about":[{"href":"https:\/\/www.europesays.com\/se\/wp-json\/wp\/v2\/types\/post"}],"author":[{"embeddable":true,"href":"https:\/\/www.europesays.com\/se\/wp-json\/wp\/v2\/users\/2"}],"replies":[{"embeddable":true,"href":"https:\/\/www.europesays.com\/se\/wp-json\/wp\/v2\/comments?post=118513"}],"version-history":[{"count":0,"href":"https:\/\/www.europesays.com\/se\/wp-json\/wp\/v2\/posts\/118513\/revisions"}],"wp:featuredmedia":[{"embeddable":true,"href":"https:\/\/www.europesays.com\/se\/wp-json\/wp\/v2\/media\/118514"}],"wp:attachment":[{"href":"https:\/\/www.europesays.com\/se\/wp-json\/wp\/v2\/media?parent=118513"}],"wp:term":[{"taxonomy":"category","embeddable":true,"href":"https:\/\/www.europesays.com\/se\/wp-json\/wp\/v2\/categories?post=118513"},{"taxonomy":"post_tag","embeddable":true,"href":"https:\/\/www.europesays.com\/se\/wp-json\/wp\/v2\/tags?post=118513"}],"curies":[{"name":"wp","href":"https:\/\/api.w.org\/{rel}","templated":true}]}}