{"id":118519,"date":"2025-12-27T15:46:09","date_gmt":"2025-12-27T15:46:09","guid":{"rendered":"https:\/\/www.europesays.com\/se\/118519\/"},"modified":"2025-12-27T15:46:09","modified_gmt":"2025-12-27T15:46:09","slug":"razzia-i-ukrainas-parlament-stoppad-2","status":"publish","type":"post","link":"https:\/\/www.europesays.com\/se\/118519\/","title":{"rendered":"Razzia i Ukrainas parlament stoppad"},"content":{"rendered":"<p>Publicerad 27 dec 2025 kl 13.18Uppdaterad kl 13.56<\/p>\n<p>Ukrainas antikorruptionsbyr\u00e5 Nabu uppger att de stoppats fr\u00e5n att f\u00f6rs\u00f6ka genomf\u00f6ra en razzia i parlamentet.<\/p>\n<p>Ur arkivet: Zelenskyj i Sverige \u2013 vill k\u00f6pa Gripen-plan<\/p>\n<p>Nabu uppger att vissa parlamentsledam\u00f6ter \u00e4r under utredning men att s\u00e4kerhetstj\u00e4nsten stoppat dem n\u00e4r de f\u00f6rs\u00f6kt g\u00f6ra tillslag i parlamentet under l\u00f6rdagen.<\/p>\n<p>Ledam\u00f6terna ska ing\u00e5 i en organiserad kriminell gruppering som avsl\u00f6jats i en hemlig operation genomf\u00f6rd av Nabu och Sapo &#8211; en antikorruptionsenhet inom \u00e5klagarv\u00e4sendet.<\/p>\n","protected":false},"excerpt":{"rendered":"Publicerad 27 dec 2025 kl 13.18Uppdaterad kl 13.56 Ukrainas antikorruptionsbyr\u00e5 Nabu uppger att de stoppats fr\u00e5n att f\u00f6rs\u00f6ka&hellip;\n","protected":false},"author":2,"featured_media":319,"comment_status":"","ping_status":"","sticky":false,"template":"","format":"standard","meta":{"footnotes":""},"categories":[5],"tags":[22,23,26,27,17,21,24,25,202,28,29,15,16,18,34,55,31,33,32,30,19,20],"class_list":{"0":"post-118519","1":"post","2":"type-post","3":"status-publish","4":"format-standard","5":"has-post-thumbnail","7":"category-rubriker","8":"tag-breaking-news","9":"tag-breakingnews","10":"tag-featured-news","11":"tag-featurednews","12":"tag-headlines","13":"tag-huvudnyheter","14":"tag-latest-news","15":"tag-latestnews","16":"tag-location-ukraina","17":"tag-main-news","18":"tag-mainnews","19":"tag-news","20":"tag-nyheter","21":"tag-rubriker","22":"tag-se","23":"tag-sections-varlden","24":"tag-svenska","25":"tag-sverige","26":"tag-sweden","27":"tag-swedish","28":"tag-top-stories","29":"tag-topstories"},"share_on_mastodon":{"url":"https:\/\/pubeurope.com\/@se\/115792313239237881","error":""},"_links":{"self":[{"href":"https:\/\/www.europesays.com\/se\/wp-json\/wp\/v2\/posts\/118519","targetHints":{"allow":["GET"]}}],"collection":[{"href":"https:\/\/www.europesays.com\/se\/wp-json\/wp\/v2\/posts"}],"about":[{"href":"https:\/\/www.europesays.com\/se\/wp-json\/wp\/v2\/types\/post"}],"author":[{"embeddable":true,"href":"https:\/\/www.europesays.com\/se\/wp-json\/wp\/v2\/users\/2"}],"replies":[{"embeddable":true,"href":"https:\/\/www.europesays.com\/se\/wp-json\/wp\/v2\/comments?post=118519"}],"version-history":[{"count":0,"href":"https:\/\/www.europesays.com\/se\/wp-json\/wp\/v2\/posts\/118519\/revisions"}],"wp:featuredmedia":[{"embeddable":true,"href":"https:\/\/www.europesays.com\/se\/wp-json\/wp\/v2\/media\/319"}],"wp:attachment":[{"href":"https:\/\/www.europesays.com\/se\/wp-json\/wp\/v2\/media?parent=118519"}],"wp:term":[{"taxonomy":"category","embeddable":true,"href":"https:\/\/www.europesays.com\/se\/wp-json\/wp\/v2\/categories?post=118519"},{"taxonomy":"post_tag","embeddable":true,"href":"https:\/\/www.europesays.com\/se\/wp-json\/wp\/v2\/tags?post=118519"}],"curies":[{"name":"wp","href":"https:\/\/api.w.org\/{rel}","templated":true}]}}