{"id":118525,"date":"2025-12-27T16:00:33","date_gmt":"2025-12-27T16:00:33","guid":{"rendered":"https:\/\/www.europesays.com\/se\/118525\/"},"modified":"2025-12-27T16:00:33","modified_gmt":"2025-12-27T16:00:33","slug":"iran-lattar-pa-kladregler-och-avrattar-rekordmanga","status":"publish","type":"post","link":"https:\/\/www.europesays.com\/se\/118525\/","title":{"rendered":"Iran l\u00e4ttar p\u00e5 kl\u00e4dregler \u2013 och avr\u00e4ttar rekordm\u00e5nga"},"content":{"rendered":"<p>Medan den iranska regimen l\u00e4ttar p\u00e5 kl\u00e4dreglerna f\u00f6r kvinnor och f\u00f6rbudet mot offentlig dans avr\u00e4ttar den rekordm\u00e5nga av sina medborgare. Det rapporterar Wall Street Journal. <\/p>\n<p>\u2013 De \u00e4r r\u00e4dda f\u00f6r nya uppror om de forts\u00e4tter att tvinga p\u00e5 kvinnorna sl\u00f6ja, s\u00e4ger den tidigare iranska parlamentsledamoten Fatemeh Haghighatjoo. <\/p>\n<p>Enligt flera analytiker som tidningen talat med ger regimen efter p\u00e5 s\u00e5dant som inte hotar systemet, medan den sl\u00e5r h\u00e5rt mot den politiska oppositionen. Den har avr\u00e4ttat minst 1\u202f922 m\u00e4nniskor i \u00e5r, mer \u00e4n dubbelt s\u00e5 m\u00e5nga som i fjol och fler \u00e4n p\u00e5 decennier, enligt den Londonbaserade nyhetssajten Iran International som refererar uppgifter fr\u00e5n m\u00e4nniskor\u00e4ttsorganisationer. De flesta avr\u00e4ttningar sker i hemlighet.   <\/p>\n<p>N\u00e4stan h\u00e4lften var d\u00f6mda f\u00f6r drogrelaterade brott och elva f\u00f6r spioneri, enligt BBC. Minst tv\u00e5 av de avr\u00e4ttade var barn. <\/p>\n<p>Omni \u00e4r politiskt obundna och oberoende. Vi str\u00e4var efter att ge fler perspektiv p\u00e5 nyheterna. Har du fr\u00e5gor eller synpunkter kring v\u00e5r rapportering? <a href=\"https:\/\/omni.se\/iran-lattar-pa-kladregler-och-avrattar-rekordmanga\/a\/mailto:redaktion@omni.se\" class=\"ArticleActions_contactLink__W2F1M\" rel=\"nofollow noopener\" target=\"_blank\">Kontakta redaktionen<\/a><\/p>\n","protected":false},"excerpt":{"rendered":"Medan den iranska regimen l\u00e4ttar p\u00e5 kl\u00e4dreglerna f\u00f6r kvinnor och f\u00f6rbudet mot offentlig dans avr\u00e4ttar den rekordm\u00e5nga av&hellip;\n","protected":false},"author":2,"featured_media":118526,"comment_status":"","ping_status":"","sticky":false,"template":"","format":"standard","meta":{"footnotes":""},"categories":[14],"tags":[22,23,26,27,17,21,1530,24,25,28,29,124,15,16,18,34,31,33,32,30,19,20,51,52,53,54],"class_list":{"0":"post-118525","1":"post","2":"type-post","3":"status-publish","4":"format-standard","5":"has-post-thumbnail","7":"category-varlden","8":"tag-breaking-news","9":"tag-breakingnews","10":"tag-featured-news","11":"tag-featurednews","12":"tag-headlines","13":"tag-huvudnyheter","14":"tag-iran","15":"tag-latest-news","16":"tag-latestnews","17":"tag-main-news","18":"tag-mainnews","19":"tag-mellanostern","20":"tag-news","21":"tag-nyheter","22":"tag-rubriker","23":"tag-se","24":"tag-svenska","25":"tag-sverige","26":"tag-sweden","27":"tag-swedish","28":"tag-top-stories","29":"tag-topstories","30":"tag-varlden","31":"tag-world","32":"tag-world-news","33":"tag-worldnews"},"share_on_mastodon":{"url":"https:\/\/pubeurope.com\/@se\/115792368321263559","error":""},"_links":{"self":[{"href":"https:\/\/www.europesays.com\/se\/wp-json\/wp\/v2\/posts\/118525","targetHints":{"allow":["GET"]}}],"collection":[{"href":"https:\/\/www.europesays.com\/se\/wp-json\/wp\/v2\/posts"}],"about":[{"href":"https:\/\/www.europesays.com\/se\/wp-json\/wp\/v2\/types\/post"}],"author":[{"embeddable":true,"href":"https:\/\/www.europesays.com\/se\/wp-json\/wp\/v2\/users\/2"}],"replies":[{"embeddable":true,"href":"https:\/\/www.europesays.com\/se\/wp-json\/wp\/v2\/comments?post=118525"}],"version-history":[{"count":0,"href":"https:\/\/www.europesays.com\/se\/wp-json\/wp\/v2\/posts\/118525\/revisions"}],"wp:featuredmedia":[{"embeddable":true,"href":"https:\/\/www.europesays.com\/se\/wp-json\/wp\/v2\/media\/118526"}],"wp:attachment":[{"href":"https:\/\/www.europesays.com\/se\/wp-json\/wp\/v2\/media?parent=118525"}],"wp:term":[{"taxonomy":"category","embeddable":true,"href":"https:\/\/www.europesays.com\/se\/wp-json\/wp\/v2\/categories?post=118525"},{"taxonomy":"post_tag","embeddable":true,"href":"https:\/\/www.europesays.com\/se\/wp-json\/wp\/v2\/tags?post=118525"}],"curies":[{"name":"wp","href":"https:\/\/api.w.org\/{rel}","templated":true}]}}