{"id":118527,"date":"2025-12-27T16:03:35","date_gmt":"2025-12-27T16:03:35","guid":{"rendered":"https:\/\/www.europesays.com\/se\/118527\/"},"modified":"2025-12-27T16:03:35","modified_gmt":"2025-12-27T16:03:35","slug":"27-december-10-45-forsvunnen-person-salem","status":"publish","type":"post","link":"https:\/\/www.europesays.com\/se\/118527\/","title":{"rendered":"27 december 10.45, F\u00f6rsvunnen person, Salem"},"content":{"rendered":"<p>S\u00f6kandet har p\u00e5g\u00e5tt hela g\u00e5rdagskv\u00e4llen\/natten bland annat med hj\u00e4lp av helikopter.<\/p>\n<p>Polisen s\u00f6ker efter en f\u00f6rsvunnen kvinna i 25-\u00e5rs\u00e5ldern.\u00a0<\/p>\n<p>Den f\u00f6rsvunna kvinnan \u00e4r \u00e4nnu inte hittad och s\u00f6kandet forts\u00e4tter med ett flertal olika resurser. En s\u00e5 kallad r\u00e4ddningstj\u00e4nst \u00e4r inledd.\u00a0<\/p>\n<p>Den som har information att l\u00e4mna uppmanas att kontakta polisen via 11414 eller via l\u00e4nken i denna notis. Vid akuta \u00e4renden ska polisen alltid kontaktas via 112.<\/p>\n<p><strong>Updatering kl 14:20<\/strong><br \/>S\u00f6kandet efter den f\u00f6rsvunna kvinnan forts\u00e4tter och hon \u00e4r \u00e4nnu inte hittad.\u00a0<\/p>\n","protected":false},"excerpt":{"rendered":"S\u00f6kandet har p\u00e5g\u00e5tt hela g\u00e5rdagskv\u00e4llen\/natten bland annat med hj\u00e4lp av helikopter. Polisen s\u00f6ker efter en f\u00f6rsvunnen kvinna i&hellip;\n","protected":false},"author":2,"featured_media":54,"comment_status":"","ping_status":"","sticky":false,"template":"","format":"standard","meta":{"footnotes":""},"categories":[5],"tags":[22,23,26,27,17,21,24,25,28,29,15,16,18,34,31,33,32,30,19,20],"class_list":{"0":"post-118527","1":"post","2":"type-post","3":"status-publish","4":"format-standard","5":"has-post-thumbnail","7":"category-rubriker","8":"tag-breaking-news","9":"tag-breakingnews","10":"tag-featured-news","11":"tag-featurednews","12":"tag-headlines","13":"tag-huvudnyheter","14":"tag-latest-news","15":"tag-latestnews","16":"tag-main-news","17":"tag-mainnews","18":"tag-news","19":"tag-nyheter","20":"tag-rubriker","21":"tag-se","22":"tag-svenska","23":"tag-sverige","24":"tag-sweden","25":"tag-swedish","26":"tag-top-stories","27":"tag-topstories"},"share_on_mastodon":{"url":"https:\/\/pubeurope.com\/@se\/115792380122312350","error":""},"_links":{"self":[{"href":"https:\/\/www.europesays.com\/se\/wp-json\/wp\/v2\/posts\/118527","targetHints":{"allow":["GET"]}}],"collection":[{"href":"https:\/\/www.europesays.com\/se\/wp-json\/wp\/v2\/posts"}],"about":[{"href":"https:\/\/www.europesays.com\/se\/wp-json\/wp\/v2\/types\/post"}],"author":[{"embeddable":true,"href":"https:\/\/www.europesays.com\/se\/wp-json\/wp\/v2\/users\/2"}],"replies":[{"embeddable":true,"href":"https:\/\/www.europesays.com\/se\/wp-json\/wp\/v2\/comments?post=118527"}],"version-history":[{"count":0,"href":"https:\/\/www.europesays.com\/se\/wp-json\/wp\/v2\/posts\/118527\/revisions"}],"wp:featuredmedia":[{"embeddable":true,"href":"https:\/\/www.europesays.com\/se\/wp-json\/wp\/v2\/media\/54"}],"wp:attachment":[{"href":"https:\/\/www.europesays.com\/se\/wp-json\/wp\/v2\/media?parent=118527"}],"wp:term":[{"taxonomy":"category","embeddable":true,"href":"https:\/\/www.europesays.com\/se\/wp-json\/wp\/v2\/categories?post=118527"},{"taxonomy":"post_tag","embeddable":true,"href":"https:\/\/www.europesays.com\/se\/wp-json\/wp\/v2\/tags?post=118527"}],"curies":[{"name":"wp","href":"https:\/\/api.w.org\/{rel}","templated":true}]}}