{"id":118534,"date":"2025-12-27T16:10:08","date_gmt":"2025-12-27T16:10:08","guid":{"rendered":"https:\/\/www.europesays.com\/se\/118534\/"},"modified":"2025-12-27T16:10:08","modified_gmt":"2025-12-27T16:10:08","slug":"recension-av-gunnar-axbergers-trilogi-rattvisans-gang","status":"publish","type":"post","link":"https:\/\/www.europesays.com\/se\/118534\/","title":{"rendered":"Recension av Gunnar Axbergers trilogi \u201dR\u00e4ttvisans g\u00e5ng\u201d"},"content":{"rendered":"<p>D\u00f6rren till domstolen \u00e4r tung att \u00f6ppna. D\u00e4rinne m\u00f6ter en foaj\u00e9 med djupa trappor och dunkla korridorer. Var \u00e4r vi? I kaninh\u00e5let?<\/p>\n<p><strong>Ja, p\u00e5 s\u00e4tt och vis. <\/strong>Hans-Gunnar Axbergers trilogi \u201dR\u00e4ttvisans g\u00e5ng\u201d inleds i kvarteret Nemesis i Gamla stan, d\u00e4r H\u00f6gsta domstolen uttolkar landets lagar. N\u00e4r en m\u00e4ktig jurist f\u00f6rsvinner tvingas det gamla palatset blotta en del av sitt egenartade inre liv. Del tv\u00e5, \u201dArvet\u201d utspelar sig i Kreugerkraschens svallv\u00e5gor och anknyter l\u00f6st till den f\u00f6rsta, \u201dDomstolen\u201d. Trean, \u201dAdvokaterna\u201d, f\u00e5ngar upp de tv\u00e5 f\u00f6reg\u00e5ngarna och synligg\u00f6r elegansen i romanbygget. Trilogin vrider sig kring det svenska r\u00e4ttssystemet, dess v\u00e5gsk\u00e5lar, sv\u00e4rd och blindheter. Det \u00e4r f\u00f6rbluffande sp\u00e4nnande.<\/p>\n","protected":false},"excerpt":{"rendered":"D\u00f6rren till domstolen \u00e4r tung att \u00f6ppna. D\u00e4rinne m\u00f6ter en foaj\u00e9 med djupa trappor och dunkla korridorer. Var&hellip;\n","protected":false},"author":2,"featured_media":118535,"comment_status":"","ping_status":"","sticky":false,"template":"","format":"standard","meta":{"footnotes":""},"categories":[12],"tags":[22,23,26,27,17,21,24,25,28,29,15,16,18,34,31,33,32,30,19,20],"class_list":{"0":"post-118534","1":"post","2":"type-post","3":"status-publish","4":"format-standard","5":"has-post-thumbnail","7":"category-sverige","8":"tag-breaking-news","9":"tag-breakingnews","10":"tag-featured-news","11":"tag-featurednews","12":"tag-headlines","13":"tag-huvudnyheter","14":"tag-latest-news","15":"tag-latestnews","16":"tag-main-news","17":"tag-mainnews","18":"tag-news","19":"tag-nyheter","20":"tag-rubriker","21":"tag-se","22":"tag-svenska","23":"tag-sverige","24":"tag-sweden","25":"tag-swedish","26":"tag-top-stories","27":"tag-topstories"},"share_on_mastodon":{"url":"https:\/\/pubeurope.com\/@se\/115792407722603730","error":""},"_links":{"self":[{"href":"https:\/\/www.europesays.com\/se\/wp-json\/wp\/v2\/posts\/118534","targetHints":{"allow":["GET"]}}],"collection":[{"href":"https:\/\/www.europesays.com\/se\/wp-json\/wp\/v2\/posts"}],"about":[{"href":"https:\/\/www.europesays.com\/se\/wp-json\/wp\/v2\/types\/post"}],"author":[{"embeddable":true,"href":"https:\/\/www.europesays.com\/se\/wp-json\/wp\/v2\/users\/2"}],"replies":[{"embeddable":true,"href":"https:\/\/www.europesays.com\/se\/wp-json\/wp\/v2\/comments?post=118534"}],"version-history":[{"count":0,"href":"https:\/\/www.europesays.com\/se\/wp-json\/wp\/v2\/posts\/118534\/revisions"}],"wp:featuredmedia":[{"embeddable":true,"href":"https:\/\/www.europesays.com\/se\/wp-json\/wp\/v2\/media\/118535"}],"wp:attachment":[{"href":"https:\/\/www.europesays.com\/se\/wp-json\/wp\/v2\/media?parent=118534"}],"wp:term":[{"taxonomy":"category","embeddable":true,"href":"https:\/\/www.europesays.com\/se\/wp-json\/wp\/v2\/categories?post=118534"},{"taxonomy":"post_tag","embeddable":true,"href":"https:\/\/www.europesays.com\/se\/wp-json\/wp\/v2\/tags?post=118534"}],"curies":[{"name":"wp","href":"https:\/\/api.w.org\/{rel}","templated":true}]}}