{"id":118536,"date":"2025-12-27T16:11:35","date_gmt":"2025-12-27T16:11:35","guid":{"rendered":"https:\/\/www.europesays.com\/se\/118536\/"},"modified":"2025-12-27T16:11:35","modified_gmt":"2025-12-27T16:11:35","slug":"dodssiffran-stiger-efter-moskeattacken-i-syrien","status":"publish","type":"post","link":"https:\/\/www.europesays.com\/se\/118536\/","title":{"rendered":"D\u00f6dssiffran stiger efter mosk\u00e9attacken i Syrien"},"content":{"rendered":"<p>\u00c5tta personer \u00e4r d\u00f6da och minst 18 skadade efter att en bomb exploderat i en mosk\u00e9 i syriska Homs under fredagsb\u00f6nen, rapporterar AP. D\u00f6dssiffran v\u00e4ntas stiga ytterligare. <\/p>\n<p>Imam Ali Bin Abi Talib-mosk\u00e9n ligger i de alawitiska kvarteren med en shiamuslimsk majoritet. En relativt ok\u00e4nd grupp som kallar sig Saraya Ansar al-Sunna har tagit p\u00e5 sig attentatet i sin kanal p\u00e5 Telegram. Gruppen tog \u00e4ven p\u00e5 sig en sj\u00e4lvmordsattack i juni mot en grekisk-ortodox kyrka i utkanten av Damaskus. <\/p>\n<p>Den syriska regeringen lade d\u00e5 skulden p\u00e5 IS, och offentliggjorde uppgifter om att IS \u00e4ven planerade en attack mot en shiitisk mosk\u00e9. IS tog dock aldrig p\u00e5 sig attacken. <\/p>\n<p>Det alawitiska centralr\u00e5det l\u00e4gger i st\u00e4llet skulden p\u00e5 regeringen f\u00f6r vad man kallar en \u201dsystematisk kampanj av mord och uppvigling\u201d mot alawiter, enligt Reuters. <\/p>\n<p>Omni \u00e4r politiskt obundna och oberoende. Vi str\u00e4var efter att ge fler perspektiv p\u00e5 nyheterna. Har du fr\u00e5gor eller synpunkter kring v\u00e5r rapportering? <a href=\"https:\/\/omni.se\/dodssiffran-stiger-efter-moskeattacken-i-syrien\/a\/mailto:redaktion@omni.se\" class=\"ArticleActions_contactLink__W2F1M\" rel=\"nofollow noopener\" target=\"_blank\">Kontakta redaktionen<\/a><\/p>\n","protected":false},"excerpt":{"rendered":"\u00c5tta personer \u00e4r d\u00f6da och minst 18 skadade efter att en bomb exploderat i en mosk\u00e9 i syriska&hellip;\n","protected":false},"author":2,"featured_media":118537,"comment_status":"","ping_status":"","sticky":false,"template":"","format":"standard","meta":{"footnotes":""},"categories":[5],"tags":[22,23,26,27,17,21,24,25,28,29,124,15,16,18,34,31,33,32,30,4251,4252,19,20],"class_list":{"0":"post-118536","1":"post","2":"type-post","3":"status-publish","4":"format-standard","5":"has-post-thumbnail","7":"category-rubriker","8":"tag-breaking-news","9":"tag-breakingnews","10":"tag-featured-news","11":"tag-featurednews","12":"tag-headlines","13":"tag-huvudnyheter","14":"tag-latest-news","15":"tag-latestnews","16":"tag-main-news","17":"tag-mainnews","18":"tag-mellanostern","19":"tag-news","20":"tag-nyheter","21":"tag-rubriker","22":"tag-se","23":"tag-svenska","24":"tag-sverige","25":"tag-sweden","26":"tag-swedish","27":"tag-syrien","28":"tag-syrienkriget","29":"tag-top-stories","30":"tag-topstories"},"share_on_mastodon":{"url":"https:\/\/pubeurope.com\/@se\/115792411579270145","error":""},"_links":{"self":[{"href":"https:\/\/www.europesays.com\/se\/wp-json\/wp\/v2\/posts\/118536","targetHints":{"allow":["GET"]}}],"collection":[{"href":"https:\/\/www.europesays.com\/se\/wp-json\/wp\/v2\/posts"}],"about":[{"href":"https:\/\/www.europesays.com\/se\/wp-json\/wp\/v2\/types\/post"}],"author":[{"embeddable":true,"href":"https:\/\/www.europesays.com\/se\/wp-json\/wp\/v2\/users\/2"}],"replies":[{"embeddable":true,"href":"https:\/\/www.europesays.com\/se\/wp-json\/wp\/v2\/comments?post=118536"}],"version-history":[{"count":0,"href":"https:\/\/www.europesays.com\/se\/wp-json\/wp\/v2\/posts\/118536\/revisions"}],"wp:featuredmedia":[{"embeddable":true,"href":"https:\/\/www.europesays.com\/se\/wp-json\/wp\/v2\/media\/118537"}],"wp:attachment":[{"href":"https:\/\/www.europesays.com\/se\/wp-json\/wp\/v2\/media?parent=118536"}],"wp:term":[{"taxonomy":"category","embeddable":true,"href":"https:\/\/www.europesays.com\/se\/wp-json\/wp\/v2\/categories?post=118536"},{"taxonomy":"post_tag","embeddable":true,"href":"https:\/\/www.europesays.com\/se\/wp-json\/wp\/v2\/tags?post=118536"}],"curies":[{"name":"wp","href":"https:\/\/api.w.org\/{rel}","templated":true}]}}