{"id":118542,"date":"2025-12-27T16:16:25","date_gmt":"2025-12-27T16:16:25","guid":{"rendered":"https:\/\/www.europesays.com\/se\/118542\/"},"modified":"2025-12-27T16:16:25","modified_gmt":"2025-12-27T16:16:25","slug":"varfor-denna-anklagande-ton-smalanningen","status":"publish","type":"post","link":"https:\/\/www.europesays.com\/se\/118542\/","title":{"rendered":"\u201dVarf\u00f6r denna anklagande ton?\u201d \u2013 Sm\u00e5l\u00e4nningen"},"content":{"rendered":"<p>Kommentar till ins\u00e4ndaren: <a class=\"article__content-link\" href=\"https:\/\/www.smalanningen.se\/2025-12-11\/varfor-ser-ingen-vad-som-hander-i-lagan\/\" rel=\"nofollow noopener\" target=\"_blank\">Varf\u00f6r ser ingen vad som h\u00e4nder i Lagan?<\/a> publicerad den 11 december.<\/p>\n<p>Jag har l\u00e4st ins\u00e4ndaren fr\u00e5n den 11 december om golfklubben i Lagan. \u00c4r sj\u00e4lv medlem sedan m\u00e5nga \u00e5r och har medverkat i styrelsen och jobbat ideellt med olika uppdrag. Det \u00e4r bra att visa engagemang f\u00f6r klubben och l\u00e4mna f\u00f6rslag till en positiv utveckling av verksamheten. De kan framf\u00f6ras till styrelsen under \u00e5ret eller l\u00e4mnas som motioner till \u00e5rsm\u00f6tet.\u00a0<\/p>\n<p>Det jag reagerar mot \u00e4r den anklagande tonen, p\u00e5st\u00e5enden och spekulationer som det givetvis st\u00e5r ins\u00e4ndaren fritt att ha. Det vore mer smakfullt att ta den diskussionen inom klubben och inte via media. Det gagnar heller inte klubbens varum\u00e4rke, som ins\u00e4ndaren mycket riktigt anser \u00e4r betydelsefullt.<\/p>\n<p>Klubbens positiva ekonomiska resultat, medlems\u00f6kningen, projekt f\u00f6r att f\u00f6rb\u00e4ttra banan samt nya medlemmar i styrelsen \u00e4r goda nyheter. Jag \u00e4r stolt \u00f6ver att vara medlem i Lagans GK och talar alltid positivt om klubben vid m\u00f6ten med andra personer.\u00a0<\/p>\n<p><strong>\u00d6ppen dialog<\/strong><\/p>\n","protected":false},"excerpt":{"rendered":"Kommentar till ins\u00e4ndaren: Varf\u00f6r ser ingen vad som h\u00e4nder i Lagan? publicerad den 11 december. Jag har l\u00e4st&hellip;\n","protected":false},"author":2,"featured_media":118543,"comment_status":"","ping_status":"","sticky":false,"template":"","format":"standard","meta":{"footnotes":""},"categories":[65],"tags":[72,70,71,34,31,33,32,30],"class_list":{"0":"post-118542","1":"post","2":"type-post","3":"status-publish","4":"format-standard","5":"has-post-thumbnail","7":"category-ekonomi","8":"tag-business","9":"tag-economy","10":"tag-ekonomi","11":"tag-se","12":"tag-svenska","13":"tag-sverige","14":"tag-sweden","15":"tag-swedish"},"share_on_mastodon":{"url":"https:\/\/pubeurope.com\/@se\/115792431224540635","error":""},"_links":{"self":[{"href":"https:\/\/www.europesays.com\/se\/wp-json\/wp\/v2\/posts\/118542","targetHints":{"allow":["GET"]}}],"collection":[{"href":"https:\/\/www.europesays.com\/se\/wp-json\/wp\/v2\/posts"}],"about":[{"href":"https:\/\/www.europesays.com\/se\/wp-json\/wp\/v2\/types\/post"}],"author":[{"embeddable":true,"href":"https:\/\/www.europesays.com\/se\/wp-json\/wp\/v2\/users\/2"}],"replies":[{"embeddable":true,"href":"https:\/\/www.europesays.com\/se\/wp-json\/wp\/v2\/comments?post=118542"}],"version-history":[{"count":0,"href":"https:\/\/www.europesays.com\/se\/wp-json\/wp\/v2\/posts\/118542\/revisions"}],"wp:featuredmedia":[{"embeddable":true,"href":"https:\/\/www.europesays.com\/se\/wp-json\/wp\/v2\/media\/118543"}],"wp:attachment":[{"href":"https:\/\/www.europesays.com\/se\/wp-json\/wp\/v2\/media?parent=118542"}],"wp:term":[{"taxonomy":"category","embeddable":true,"href":"https:\/\/www.europesays.com\/se\/wp-json\/wp\/v2\/categories?post=118542"},{"taxonomy":"post_tag","embeddable":true,"href":"https:\/\/www.europesays.com\/se\/wp-json\/wp\/v2\/tags?post=118542"}],"curies":[{"name":"wp","href":"https:\/\/api.w.org\/{rel}","templated":true}]}}