{"id":118544,"date":"2025-12-27T16:17:40","date_gmt":"2025-12-27T16:17:40","guid":{"rendered":"https:\/\/www.europesays.com\/se\/118544\/"},"modified":"2025-12-27T16:17:40","modified_gmt":"2025-12-27T16:17:40","slug":"nordkorea-visar-upp-sin-forsta-atomubat-seenthis","status":"publish","type":"post","link":"https:\/\/www.europesays.com\/se\/118544\/","title":{"rendered":"Nordkorea visar upp sin f\u00f6rsta atomub\u00e5t | seenthis"},"content":{"rendered":"<p>Publicerad 26 dec 2025 kl 11.26Uppdaterad kl 11.26<\/p>\n<p>Bilder fr\u00e5n nordkoreansk stats-tv visar hur diktatorn Kim Jong-Un bes\u00f6ker vad som uppges vara en atomub\u00e5ts-fabrik d\u00e4r landet nu bygger sin f\u00f6rsta atomub\u00e5t.<\/p>\n<p>Experter spekulerar nu kring om Nordkorea har f\u00e5tt hj\u00e4lp av Ryssland f\u00f6r att bygga den 8 700 ton tunga ub\u00e5ten. Detta eftersom l\u00e4nderna n\u00e4rmat sig varandra under de senaste \u00e5ren.<br \/>\nBland annat har nordkoreanska soldater skickats till att bist\u00e5 Ryssland i kriget i Ukraina.<\/p>\n<p>            <a href=\"mailto:webbrattelse@expressen.se?subject=Fel%20i%20artikel%3A%20Nordkorea%20visar%20upp%20sin%20f%C3%B6rsta%20atomub%C3%A5t&amp;body=En%20l%C3%A4sare%20rapporterar%20fel%20i%20https%3A%2F%2Fwww.expressen.se%2Ftv%2Fseenthis%2Fnordkorea-visar-upp-sin-forsta-atomubat%2F%0A%0AKommentar%3A%20\"><br \/>\n              Anm\u00e4l text- och faktafel<br \/>\n            <\/a><a href=\"https:\/\/www.expressen.se\/om-expressen\/sa-jobbar-vi-med-korrekta-publiceringar\/\" rel=\"nofollow noopener\" target=\"_blank\">V\u00e5ra kvalitetsrutiner<\/a><\/p>\n","protected":false},"excerpt":{"rendered":"Publicerad 26 dec 2025 kl 11.26Uppdaterad kl 11.26 Bilder fr\u00e5n nordkoreansk stats-tv visar hur diktatorn Kim Jong-Un bes\u00f6ker&hellip;\n","protected":false},"author":2,"featured_media":319,"comment_status":"","ping_status":"","sticky":false,"template":"","format":"standard","meta":{"footnotes":""},"categories":[14],"tags":[22,23,26,27,17,21,24,25,28,29,15,16,18,34,12685,31,33,32,30,19,20,51,52,53,54],"class_list":{"0":"post-118544","1":"post","2":"type-post","3":"status-publish","4":"format-standard","5":"has-post-thumbnail","7":"category-varlden","8":"tag-breaking-news","9":"tag-breakingnews","10":"tag-featured-news","11":"tag-featurednews","12":"tag-headlines","13":"tag-huvudnyheter","14":"tag-latest-news","15":"tag-latestnews","16":"tag-main-news","17":"tag-mainnews","18":"tag-news","19":"tag-nyheter","20":"tag-rubriker","21":"tag-se","22":"tag-sections-seenthis","23":"tag-svenska","24":"tag-sverige","25":"tag-sweden","26":"tag-swedish","27":"tag-top-stories","28":"tag-topstories","29":"tag-varlden","30":"tag-world","31":"tag-world-news","32":"tag-worldnews"},"share_on_mastodon":{"url":"https:\/\/pubeurope.com\/@se\/115792435264557934","error":""},"_links":{"self":[{"href":"https:\/\/www.europesays.com\/se\/wp-json\/wp\/v2\/posts\/118544","targetHints":{"allow":["GET"]}}],"collection":[{"href":"https:\/\/www.europesays.com\/se\/wp-json\/wp\/v2\/posts"}],"about":[{"href":"https:\/\/www.europesays.com\/se\/wp-json\/wp\/v2\/types\/post"}],"author":[{"embeddable":true,"href":"https:\/\/www.europesays.com\/se\/wp-json\/wp\/v2\/users\/2"}],"replies":[{"embeddable":true,"href":"https:\/\/www.europesays.com\/se\/wp-json\/wp\/v2\/comments?post=118544"}],"version-history":[{"count":0,"href":"https:\/\/www.europesays.com\/se\/wp-json\/wp\/v2\/posts\/118544\/revisions"}],"wp:featuredmedia":[{"embeddable":true,"href":"https:\/\/www.europesays.com\/se\/wp-json\/wp\/v2\/media\/319"}],"wp:attachment":[{"href":"https:\/\/www.europesays.com\/se\/wp-json\/wp\/v2\/media?parent=118544"}],"wp:term":[{"taxonomy":"category","embeddable":true,"href":"https:\/\/www.europesays.com\/se\/wp-json\/wp\/v2\/categories?post=118544"},{"taxonomy":"post_tag","embeddable":true,"href":"https:\/\/www.europesays.com\/se\/wp-json\/wp\/v2\/tags?post=118544"}],"curies":[{"name":"wp","href":"https:\/\/api.w.org\/{rel}","templated":true}]}}