{"id":118551,"date":"2025-12-27T16:24:32","date_gmt":"2025-12-27T16:24:32","guid":{"rendered":"https:\/\/www.europesays.com\/se\/118551\/"},"modified":"2025-12-27T16:24:32","modified_gmt":"2025-12-27T16:24:32","slug":"ssks-larm-till-kommunen-brist-pa-pengar","status":"publish","type":"post","link":"https:\/\/www.europesays.com\/se\/118551\/","title":{"rendered":"SSK:s larm till kommunen \u2013 brist p\u00e5 pengar"},"content":{"rendered":"<p>ANNONS<\/p>\n<p class=\"text-white text-sm mb-2\">Bevakningen presenteras av<\/p>\n<p><img alt=\"Coolbet\" loading=\"lazy\" width=\"130\" height=\"20\" decoding=\"async\" data-nimg=\"1\" class=\"mx-auto md:mx-0\" style=\"color:transparent\" src=\"https:\/\/delivery2.objectic.io\/7QMcOQTPxZudozTrjFxeQs\/HNbtnbmfMkQx\/Cvk8QRm7arRMNqPgkbZUAxQ8kUA6DdScWlg5lefg.svg\"\/><\/p>\n<p>Spela ansvarsfullt. 18+. Villkor g\u00e4ller.<\/p>\n<p>S\u00f6dert\u00e4ljes s\u00e4song har varit upp och ner \u2013 och nu \u00e4r det \u00e4ven anstr\u00e4ngt ekonomiskt. Klubbdirekt\u00f6ren vittnar om konkurs i konversationer med kommunen och ber om bidrag, skriver LT.<\/p>\n<p class=\"\">L\u00f6rdagen den 6 december h\u00f6rde S\u00f6dert\u00e4ljes klubbdirekt\u00f6r Kalle Boumedienne av sig till kommunens kultur- och fritidschef Maria Lindberg. \u00c4rendet g\u00e4llde ett bidrag p\u00e5 tv\u00e5 miljoner kronor som klubben fick 2024 f\u00f6r den nationella idrottsutbildningen.<\/p>\n<p class=\"\">Bidraget hade klubben r\u00e4knat med att \u00e4ven f\u00e5 i \u00e5r, men pengarna har uteblivit.<\/p>\n<p class=\"\">\u2013 Vi har inte f\u00e5tt n\u00e5got bidrag f\u00f6r den nationella idrottsutbildningen, men det har inte p\u00e5verkat n\u00e5gra spelarl\u00f6ner, s\u00e4ger Kalle Boumedienne n\u00e4r <a class=\"null text-blue-link\" href=\"https:\/\/www.lt.se\/2025-12-27\/ssk-larmar-till-kommunen-om-akut-brist-pa-pengar\/\" rel=\"nofollow noopener\" target=\"_blank\">LT <\/a>n\u00e5r honom strax f\u00f6re jul.<\/p>\n<p class=\"\">Alla spelare har f\u00e5tt sina l\u00f6ner, men hur det har m\u00f6jliggjorts vill han inte kommentera.<\/p>\n<p>Ekonomiskt tapp<\/p>\n<p class=\"\">Samtidigt st\u00e5r S\u00f6dert\u00e4lje inf\u00f6r ett betydande ekonomiskt tapp sedan kommunen meddelat att driftavtalet f\u00f6r Scaniarinken avslutas, det hela framg\u00e5r via mejl. Enligt mejl som LT tagit del av, har klubben dessutom hoppats p\u00e5 n\u00e5gon form av bidrag eller ekonomisk l\u00f6sning som akut skulle ge 2,5 miljoner kronor.<\/p>\n<p class=\"\">Kalle Boumedienne har \u00e4ven mejlat anl\u00e4ggningsenhetens chef Daniel Hult, d\u00e4r han skriver:<\/p>\n<p class=\"\">\u201d Som ni vet \u00e4r det ett par som inte f\u00e5r n\u00e5gon l\u00f6n nu och redan i mitten av januari kommer vi inte kunna betala v\u00e5ra skatter som skall in (\u2026) Blir det s\u00e5 att man h\u00e5ller fast vid det kommer S\u00f6dert\u00e4lje Sportklubb f\u00e5 ans\u00f6ka om konkurs och l\u00e4gga ner verksamheten. \u201d<\/p>\n<p class=\"\">Hult svarar att man, f\u00f6r att g\u00f6ra drift\u00f6verg\u00e5ngen smidig, kan t\u00e4nka sig att f\u00f6rl\u00e4nga kontraktet med fyra m\u00e5nader. Det skulle allts\u00e5 inneb\u00e4r i s\u00e5 fall till den 1 september. En s\u00e5dan f\u00f6rl\u00e4ngning skulle ocks\u00e5 inneb\u00e4ra att S\u00f6dert\u00e4lje kan f\u00f6rtidsfakturera i b\u00f6rjan av januari.<\/p>\n<p>Kommentarer TopprankadeSenaste\u00c4ldstaTrendar<\/p>\n<p>Skaffa PLUS f\u00f6r att kommentera<\/p>\n<p>Med en aktiv PLUS-prenumeration kan du kommentera, svara p\u00e5 andra och gilla kommentarer.<\/p>\n<p><a class=\"btn-primary btn-small\" href=\"https:\/\/hockeynews.se\/plus\" rel=\"nofollow noopener\" target=\"_blank\">Skaffa PLUS<\/a><\/p>\n<p>Halva priset p\u00e5 TV4 Play Sport Hockey \u2013 <a class=\"text-yellow underline\" href=\"https:\/\/www.tv4play.se\/kampanj\/hockeynewshockey\" rel=\"nofollow noopener\" target=\"_blank\">f\u00e5 kod med Hockeynews h\u00e4r!<\/a> (Annons)<\/p>\n","protected":false},"excerpt":{"rendered":"ANNONS Bevakningen presenteras av Spela ansvarsfullt. 18+. Villkor g\u00e4ller. S\u00f6dert\u00e4ljes s\u00e4song har varit upp och ner \u2013 och&hellip;\n","protected":false},"author":2,"featured_media":118552,"comment_status":"","ping_status":"","sticky":false,"template":"","format":"standard","meta":{"footnotes":""},"categories":[65],"tags":[72,70,71,34,31,33,32,30],"class_list":{"0":"post-118551","1":"post","2":"type-post","3":"status-publish","4":"format-standard","5":"has-post-thumbnail","7":"category-ekonomi","8":"tag-business","9":"tag-economy","10":"tag-ekonomi","11":"tag-se","12":"tag-svenska","13":"tag-sverige","14":"tag-sweden","15":"tag-swedish"},"share_on_mastodon":{"url":"https:\/\/pubeurope.com\/@se\/115792462802242945","error":""},"_links":{"self":[{"href":"https:\/\/www.europesays.com\/se\/wp-json\/wp\/v2\/posts\/118551","targetHints":{"allow":["GET"]}}],"collection":[{"href":"https:\/\/www.europesays.com\/se\/wp-json\/wp\/v2\/posts"}],"about":[{"href":"https:\/\/www.europesays.com\/se\/wp-json\/wp\/v2\/types\/post"}],"author":[{"embeddable":true,"href":"https:\/\/www.europesays.com\/se\/wp-json\/wp\/v2\/users\/2"}],"replies":[{"embeddable":true,"href":"https:\/\/www.europesays.com\/se\/wp-json\/wp\/v2\/comments?post=118551"}],"version-history":[{"count":0,"href":"https:\/\/www.europesays.com\/se\/wp-json\/wp\/v2\/posts\/118551\/revisions"}],"wp:featuredmedia":[{"embeddable":true,"href":"https:\/\/www.europesays.com\/se\/wp-json\/wp\/v2\/media\/118552"}],"wp:attachment":[{"href":"https:\/\/www.europesays.com\/se\/wp-json\/wp\/v2\/media?parent=118551"}],"wp:term":[{"taxonomy":"category","embeddable":true,"href":"https:\/\/www.europesays.com\/se\/wp-json\/wp\/v2\/categories?post=118551"},{"taxonomy":"post_tag","embeddable":true,"href":"https:\/\/www.europesays.com\/se\/wp-json\/wp\/v2\/tags?post=118551"}],"curies":[{"name":"wp","href":"https:\/\/api.w.org\/{rel}","templated":true}]}}