{"id":118553,"date":"2025-12-27T16:26:07","date_gmt":"2025-12-27T16:26:07","guid":{"rendered":"https:\/\/www.europesays.com\/se\/118553\/"},"modified":"2025-12-27T16:26:07","modified_gmt":"2025-12-27T16:26:07","slug":"seger-for-ifk-visby-mot-hangvar-sk-b-pa-hemmaplan","status":"publish","type":"post","link":"https:\/\/www.europesays.com\/se\/118553\/","title":{"rendered":"Seger f\u00f6r IFK Visby mot Hangvar SK B p\u00e5 hemmaplan"},"content":{"rendered":"<p> Matchen p\u00e5 l\u00f6rdagen slutade 3-1 (2-1).Hangvar SK B:s ledare Karl-Johan Nilsson tyckte s\u00e5 h\u00e4r om matchen:- IFK hade mer boll \u00e4n oss men vi skapade r\u00e4tt mycket chanser \u00e4nd\u00e5. Tyv\u00e4rr tar de till vara p\u00e5 v\u00e5ra misstag och det avg\u00f6r matchen. G\u00f6r man inte m\u00e5l p\u00e5 sina l\u00e4gen brukar man f\u00f6rlora. S\u00e5 enkelt \u00e4r det. Vi har \u00e4nnu serieledningen och tar nya tag till n\u00e4sta match mot H<\/p>\n","protected":false},"excerpt":{"rendered":"Matchen p\u00e5 l\u00f6rdagen slutade 3-1 (2-1).Hangvar SK B:s ledare Karl-Johan Nilsson tyckte s\u00e5 h\u00e4r om matchen:- IFK hade&hellip;\n","protected":false},"author":2,"featured_media":106019,"comment_status":"","ping_status":"","sticky":false,"template":"","format":"standard","meta":{"footnotes":""},"categories":[12],"tags":[22,23,26,27,17,21,24,25,28,29,15,16,18,34,31,33,32,30,19,20],"class_list":{"0":"post-118553","1":"post","2":"type-post","3":"status-publish","4":"format-standard","5":"has-post-thumbnail","7":"category-sverige","8":"tag-breaking-news","9":"tag-breakingnews","10":"tag-featured-news","11":"tag-featurednews","12":"tag-headlines","13":"tag-huvudnyheter","14":"tag-latest-news","15":"tag-latestnews","16":"tag-main-news","17":"tag-mainnews","18":"tag-news","19":"tag-nyheter","20":"tag-rubriker","21":"tag-se","22":"tag-svenska","23":"tag-sverige","24":"tag-sweden","25":"tag-swedish","26":"tag-top-stories","27":"tag-topstories"},"share_on_mastodon":{"url":"https:\/\/pubeurope.com\/@se\/115792470552906493","error":""},"_links":{"self":[{"href":"https:\/\/www.europesays.com\/se\/wp-json\/wp\/v2\/posts\/118553","targetHints":{"allow":["GET"]}}],"collection":[{"href":"https:\/\/www.europesays.com\/se\/wp-json\/wp\/v2\/posts"}],"about":[{"href":"https:\/\/www.europesays.com\/se\/wp-json\/wp\/v2\/types\/post"}],"author":[{"embeddable":true,"href":"https:\/\/www.europesays.com\/se\/wp-json\/wp\/v2\/users\/2"}],"replies":[{"embeddable":true,"href":"https:\/\/www.europesays.com\/se\/wp-json\/wp\/v2\/comments?post=118553"}],"version-history":[{"count":0,"href":"https:\/\/www.europesays.com\/se\/wp-json\/wp\/v2\/posts\/118553\/revisions"}],"wp:featuredmedia":[{"embeddable":true,"href":"https:\/\/www.europesays.com\/se\/wp-json\/wp\/v2\/media\/106019"}],"wp:attachment":[{"href":"https:\/\/www.europesays.com\/se\/wp-json\/wp\/v2\/media?parent=118553"}],"wp:term":[{"taxonomy":"category","embeddable":true,"href":"https:\/\/www.europesays.com\/se\/wp-json\/wp\/v2\/categories?post=118553"},{"taxonomy":"post_tag","embeddable":true,"href":"https:\/\/www.europesays.com\/se\/wp-json\/wp\/v2\/tags?post=118553"}],"curies":[{"name":"wp","href":"https:\/\/api.w.org\/{rel}","templated":true}]}}