{"id":118560,"date":"2025-12-27T16:37:09","date_gmt":"2025-12-27T16:37:09","guid":{"rendered":"https:\/\/www.europesays.com\/se\/118560\/"},"modified":"2025-12-27T16:37:09","modified_gmt":"2025-12-27T16:37:09","slug":"tyler-kelleher-tremalskytt-for-modo-hockey-vasterbottens-kuriren","status":"publish","type":"post","link":"https:\/\/www.europesays.com\/se\/118560\/","title":{"rendered":"Tyler Kelleher trem\u00e5lskytt f\u00f6r Modo Hockey &#8211; V\u00e4sterbottens-Kuriren"},"content":{"rendered":"<ol>\n<li><a href=\"https:\/\/news.google.com\/rss\/articles\/CBMigwFBVV95cUxONGd0eU5SMU1RNEFZcFVDcDJIdmd3UlJNaFRhZGxMY2VkeUtOY0JmV1BCSVpsNnM0R2ZJMEl4b2JfMUMxbERlWjQ3SmdFNENBNG8wMjBwWXMwT2JjZW02bk16eWdEYWhzMnFqTkNITzA0bDU2ZEVKNUxMRFo0YTBMV1hQWQ?oc=5\" target=\"_blank\" rel=\"nofollow noopener\">Tyler Kelleher trem\u00e5lskytt f\u00f6r Modo Hockey<\/a>&nbsp;&nbsp;V\u00e4sterbottens-Kuriren<\/li>\n<li><a href=\"https:\/\/news.google.com\/rss\/articles\/CBMioAFBVV95cUxPc2NHMlhsdWZmZTBlcWRPSUxBaFdXWTJsWTBwd0VnSTQxM240LXNwZzJoQXdDN3R4RlNjNkh3eEoxMGhWQjRlTzRaT0JFWEFuNVYxZlJfOFlXRWZxV2w0c2tFN3VGZzkzYnBMMFFRSU5GdFY1ZHZhWURwcDh4eFVHTFN0WWx4WWpTRnE5QWs1MmlHS1VKY0l1QldMVU1OWk1D?oc=5\" target=\"_blank\" rel=\"nofollow noopener\">Ishockey: Stj\u00e4rnan hattrickhj\u00e4lte f\u00f6r Modo \u2013 f\u00f6ljde tidigare lagkamratens r\u00e5d<\/a>&nbsp;&nbsp;SVT Nyheter<\/li>\n<li><a href=\"https:\/\/news.google.com\/rss\/articles\/CBMipAFBVV95cUxNRDdQUzRVaFBMQmE0STJyZmlkRUdhMTNoLWozMkdPcVJkV19zT2dweWJabTlrdFBCS1FXUnd1cnRsT1JoSXhBRjRoMDF6Y2x2ZG5idmlwbHBvV0dBbURJMFNVbTRoQ3ZlQlpVYVpxUXNKbUsweWI0SVI2ejZrUm9qdENXTl8yeWYtSUJWRDdoZ0JTb0tVZUxvbWlsejJhczZ3X0FaZg?oc=5\" target=\"_blank\" rel=\"nofollow noopener\">M\u00e5lkalaset forts\u00e4tter i Almtunas bortamatch<\/a>&nbsp;&nbsp;UNT<\/li>\n<li><a href=\"https:\/\/news.google.com\/rss\/articles\/CBMimgFBVV95cUxOVFRNZnFyLVdzZ2thZFRKUTdRSkljbGpQb2gxRjlpN2NKX2RZX0lENDl6TUZHVkNQS29wRlF1eExKWGx1eERiUjNseFdfQ3R6N3BvWGhIU1Q4Y015V1ZoM29ScTJ3VTZYYW1pYUU3ZUpnT0MxaFVXT1VyNUt1QUs3SUF0d0w1RGJDa3VCUGNNUG5XQVNQUUY4R0FB?oc=5\" target=\"_blank\" rel=\"nofollow noopener\">Gjorde sitt andra hattrick f\u00f6r s\u00e4songen<\/a>&nbsp;&nbsp;Aftonbladet<\/li>\n<li><a href=\"https:\/\/news.google.com\/rss\/articles\/CBMigwFBVV95cUxNclM2S0JtYzVxV2p2NFBacUxCTHdKZzdYZ3Y0WmFHc3RyWThmc0hRXzAwY3BGMnRNaU9vQzcwR1J2OU5lN0tVMFFfanBDUTBJaTYzcExkdjFEM1FMc1BhNDlBTWVhczBwU3RnN0kwUkJLRkxyM0dWdHUyUlkxQmNlc0xmdw?oc=5\" target=\"_blank\" rel=\"nofollow noopener\">Galet m\u00e5lkalas: &#8221;Vad \u00e4r det som h\u00e4nder egentligen?&#8221;<\/a>&nbsp;&nbsp;HockeyNews<\/li>\n<\/ol>\n","protected":false},"excerpt":{"rendered":"Tyler Kelleher trem\u00e5lskytt f\u00f6r Modo Hockey&nbsp;&nbsp;V\u00e4sterbottens-Kuriren Ishockey: Stj\u00e4rnan hattrickhj\u00e4lte f\u00f6r Modo \u2013 f\u00f6ljde tidigare lagkamratens r\u00e5d&nbsp;&nbsp;SVT Nyheter M\u00e5lkalaset&hellip;\n","protected":false},"author":2,"featured_media":118561,"comment_status":"","ping_status":"","sticky":false,"template":"","format":"standard","meta":{"footnotes":""},"categories":[5],"tags":[22,23,26,27,17,21,24,25,28,29,15,16,18,34,31,33,32,30,19,20],"class_list":{"0":"post-118560","1":"post","2":"type-post","3":"status-publish","4":"format-standard","5":"has-post-thumbnail","7":"category-rubriker","8":"tag-breaking-news","9":"tag-breakingnews","10":"tag-featured-news","11":"tag-featurednews","12":"tag-headlines","13":"tag-huvudnyheter","14":"tag-latest-news","15":"tag-latestnews","16":"tag-main-news","17":"tag-mainnews","18":"tag-news","19":"tag-nyheter","20":"tag-rubriker","21":"tag-se","22":"tag-svenska","23":"tag-sverige","24":"tag-sweden","25":"tag-swedish","26":"tag-top-stories","27":"tag-topstories"},"share_on_mastodon":{"url":"https:\/\/pubeurope.com\/@se\/115792513824883280","error":""},"_links":{"self":[{"href":"https:\/\/www.europesays.com\/se\/wp-json\/wp\/v2\/posts\/118560","targetHints":{"allow":["GET"]}}],"collection":[{"href":"https:\/\/www.europesays.com\/se\/wp-json\/wp\/v2\/posts"}],"about":[{"href":"https:\/\/www.europesays.com\/se\/wp-json\/wp\/v2\/types\/post"}],"author":[{"embeddable":true,"href":"https:\/\/www.europesays.com\/se\/wp-json\/wp\/v2\/users\/2"}],"replies":[{"embeddable":true,"href":"https:\/\/www.europesays.com\/se\/wp-json\/wp\/v2\/comments?post=118560"}],"version-history":[{"count":0,"href":"https:\/\/www.europesays.com\/se\/wp-json\/wp\/v2\/posts\/118560\/revisions"}],"wp:featuredmedia":[{"embeddable":true,"href":"https:\/\/www.europesays.com\/se\/wp-json\/wp\/v2\/media\/118561"}],"wp:attachment":[{"href":"https:\/\/www.europesays.com\/se\/wp-json\/wp\/v2\/media?parent=118560"}],"wp:term":[{"taxonomy":"category","embeddable":true,"href":"https:\/\/www.europesays.com\/se\/wp-json\/wp\/v2\/categories?post=118560"},{"taxonomy":"post_tag","embeddable":true,"href":"https:\/\/www.europesays.com\/se\/wp-json\/wp\/v2\/tags?post=118560"}],"curies":[{"name":"wp","href":"https:\/\/api.w.org\/{rel}","templated":true}]}}