{"id":118571,"date":"2025-12-27T16:53:36","date_gmt":"2025-12-27T16:53:36","guid":{"rendered":"https:\/\/www.europesays.com\/se\/118571\/"},"modified":"2025-12-27T16:53:36","modified_gmt":"2025-12-27T16:53:36","slug":"svensk-man-domd-for-terrorbrott-i-ryssland-ror-mig-inte","status":"publish","type":"post","link":"https:\/\/www.europesays.com\/se\/118571\/","title":{"rendered":"Svensk man d\u00f6md f\u00f6r terrorbrott i Ryssland: \u201dR\u00f6r mig inte\u201d"},"content":{"rendered":"<p class=\"sc-c25743f0-0 sc-e37c0145-2 hObFds DQgPn\">N\u00e4r Ryssland inledde sin fullskaliga invasion av Ukraina tog mannen i 50-\u00e5rs\u00e5ldern beslutet att l\u00e4mna Sverige f\u00f6r att strida f\u00f6r Ukraina. Nu har svensken d\u00f6mts i Ryssland f\u00f6r terrorism, deltagande i en v\u00e4pnad konflikt och vapensmuggling. Han d\u00f6ms i sin fr\u00e5nvaro till sju \u00e5rs f\u00e4ngelse och d\u00e4refter 20 \u00e5r i straffkoloni, det uppger ryska medier som h\u00e4nvisar till den ryska riks\u00e5klagarmyndighetens presstj\u00e4nst.<\/p>\n<p class=\"sc-c25743f0-0 sc-e37c0145-2 hObFds DQgPn\">Men f\u00f6r den nu d\u00f6mda mannen \u00e4r det ingen stor grej. <\/p>\n<p class=\"sc-c25743f0-0 sc-e37c0145-2 hObFds DQgPn\">\u2013 Jag \u00e4r inte den f\u00f6rsta utl\u00e4nningen som de har d\u00f6mt p\u00e5 samma s\u00e4tt. Det \u00e4r n\u00e4stan f\u00f6rv\u00e4ntat om jag s\u00e4ger s\u00e5, s\u00e4ger han.<\/p>\n<p class=\"sc-c25743f0-0 sc-e37c0145-2 hObFds DQgPn\">Han menar att det i domen finns rena faktafel. Han ber\u00e4ttar bland annat att han aldrig tillh\u00f6rt den ukrainska legionen, n\u00e5got som domen p\u00e5st\u00e5r. N\u00e4r han fick h\u00f6ra ordet \u201dterrorism\u201d i domen reagerade han knappt.<\/p>\n<p class=\"sc-c25743f0-0 sc-e37c0145-2 hObFds DQgPn\">\u2013 Jag tycker bara det visar vilken dubbelstandard och hur ryska mentaliteten funkar. Jag har g\u00e5tt \u00f6ver som en soldat, kontrakterad och fullst\u00e4ndigt laglig soldat i ukrainska arm\u00e9n in i Ryssland, det har jag ju gjort de facto. Men d\u00e5 \u00e4r jag en terrorist. Samtidigt har de skickat in \u00f6ver en miljon soldater i Ukraina \u2013 men det \u00e4r helt okej, s\u00e4ger han.<\/p>\n<p>\u201dMer s\u00e4ker i Ukraina\u201d<\/p>\n<p class=\"sc-c25743f0-0 sc-e37c0145-2 hObFds DQgPn\">Mannen menar att Rysslands agerande \u00e4r politiskt.<\/p>\n<p class=\"sc-c25743f0-0 sc-e37c0145-2 hObFds DQgPn\">\u2013 Det visar p\u00e5 vilken dubbelmoral de har. Det \u00e4r okej n\u00e4r de g\u00f6r saker och ting, men n\u00e4r de \u00e4r utsatta f\u00f6r n\u00e5got d\u00e5 ska det skrikas och gr\u00e5tas. De har ju de facto f\u00f6rklarat det h\u00e4r kriget och d\u00e5 f\u00e5r de ju ta det som kommer, s\u00e4ger han.<\/p>\n<p class=\"sc-c25743f0-0 sc-e37c0145-2 hObFds DQgPn\">Ryssland har tidigare haft honom som efterlyst f\u00f6r olaglig gr\u00e4ns\u00f6verskridande, men nu \u00e4r han internationellt efterlyst. Trots det \u00e4r han inte r\u00e4dd.<\/p>\n<p class=\"sc-c25743f0-0 sc-e37c0145-2 hObFds DQgPn\">\u2013 Jag har haft en bounty p\u00e5 mitt huvud sen jag kom hit. Jag \u00e4r mer s\u00e4ker i Ukraina \u00e4n vad jag skulle vara hemma i Sverige, s\u00e4ger han.<\/p>\n<p>Terrorst\u00e4mpeln g\u00f6r ingen skillnad<\/p>\n<p class=\"sc-c25743f0-0 sc-e37c0145-2 hObFds DQgPn\">Att bli st\u00e4mplad som terrorist p\u00e5verkar honom inte.<\/p>\n<p class=\"sc-c25743f0-0 sc-e37c0145-2 hObFds DQgPn\">\u2013 I och med att det kommer fr\u00e5n Ryssland s\u00e5 r\u00f6r det inte ryggen alls. Hade det kommit fr\u00e5n ett v\u00e4stland, ja d\u00e5 hade det tagit p\u00e5 ett helt annat s\u00e4tt.<\/p>\n<p class=\"sc-c25743f0-0 sc-e37c0145-2 hObFds DQgPn\">Mannen i 50-\u00e5rs\u00e5ldern \u00e4r tydlig med att han inte tror att han skulle \u00f6verleva om han hamnade i ryska h\u00e4nder.<\/p>\n<p class=\"sc-c25743f0-0 sc-e37c0145-2 hObFds DQgPn\">\u2013 Jag tror inte att jag ens skulle komma in levande till ett f\u00e4ngelse \u00f6ver huvud taget. De skjuter oss n\u00e4r de f\u00e5r tag p\u00e5 oss, s\u00e4ger han. <\/p>\n<p>St\u00e5r fast vid sitt beslut<\/p>\n<p class=\"sc-c25743f0-0 sc-e37c0145-2 hObFds DQgPn\">Han st\u00e5r fast vid sitt beslut att strida f\u00f6r Ukraina.<\/p>\n<p class=\"sc-c25743f0-0 sc-e37c0145-2 hObFds DQgPn\">\u2013 Jag gjorde det f\u00f6r friheten. Hade vi inte tagit beslutet h\u00e4r, eller jag inte \u00e5kt hit, s\u00e5 hade mina barn f\u00e5tt gjort det hemma om n\u00e5gra \u00e5r. Och det tycker inte jag \u00e4r acceptabelt, s\u00e4ger han.<\/p>\n<p class=\"sc-c25743f0-0 sc-e37c0145-2 hObFds DQgPn\">Svensken ber\u00e4ttar att kontakten med familjen \u00e4r viktig och att han nu arbetar civilt i Ukraina.<\/p>\n<p class=\"sc-c25743f0-0 sc-e37c0145-2 hObFds DQgPn\">\u2013 Det betyder ju allt. Det \u00e4r ju det jag har hemma, s\u00e4ger han. <\/p>\n","protected":false},"excerpt":{"rendered":"N\u00e4r Ryssland inledde sin fullskaliga invasion av Ukraina tog mannen i 50-\u00e5rs\u00e5ldern beslutet att l\u00e4mna Sverige f\u00f6r att&hellip;\n","protected":false},"author":2,"featured_media":118572,"comment_status":"","ping_status":"","sticky":false,"template":"","format":"standard","meta":{"footnotes":""},"categories":[14],"tags":[22,23,26,27,17,21,24,25,28,29,15,16,18,34,31,33,32,30,19,20,51,52,53,54],"class_list":{"0":"post-118571","1":"post","2":"type-post","3":"status-publish","4":"format-standard","5":"has-post-thumbnail","7":"category-varlden","8":"tag-breaking-news","9":"tag-breakingnews","10":"tag-featured-news","11":"tag-featurednews","12":"tag-headlines","13":"tag-huvudnyheter","14":"tag-latest-news","15":"tag-latestnews","16":"tag-main-news","17":"tag-mainnews","18":"tag-news","19":"tag-nyheter","20":"tag-rubriker","21":"tag-se","22":"tag-svenska","23":"tag-sverige","24":"tag-sweden","25":"tag-swedish","26":"tag-top-stories","27":"tag-topstories","28":"tag-varlden","29":"tag-world","30":"tag-world-news","31":"tag-worldnews"},"share_on_mastodon":{"url":"https:\/\/pubeurope.com\/@se\/115792576894605267","error":""},"_links":{"self":[{"href":"https:\/\/www.europesays.com\/se\/wp-json\/wp\/v2\/posts\/118571","targetHints":{"allow":["GET"]}}],"collection":[{"href":"https:\/\/www.europesays.com\/se\/wp-json\/wp\/v2\/posts"}],"about":[{"href":"https:\/\/www.europesays.com\/se\/wp-json\/wp\/v2\/types\/post"}],"author":[{"embeddable":true,"href":"https:\/\/www.europesays.com\/se\/wp-json\/wp\/v2\/users\/2"}],"replies":[{"embeddable":true,"href":"https:\/\/www.europesays.com\/se\/wp-json\/wp\/v2\/comments?post=118571"}],"version-history":[{"count":0,"href":"https:\/\/www.europesays.com\/se\/wp-json\/wp\/v2\/posts\/118571\/revisions"}],"wp:featuredmedia":[{"embeddable":true,"href":"https:\/\/www.europesays.com\/se\/wp-json\/wp\/v2\/media\/118572"}],"wp:attachment":[{"href":"https:\/\/www.europesays.com\/se\/wp-json\/wp\/v2\/media?parent=118571"}],"wp:term":[{"taxonomy":"category","embeddable":true,"href":"https:\/\/www.europesays.com\/se\/wp-json\/wp\/v2\/categories?post=118571"},{"taxonomy":"post_tag","embeddable":true,"href":"https:\/\/www.europesays.com\/se\/wp-json\/wp\/v2\/tags?post=118571"}],"curies":[{"name":"wp","href":"https:\/\/api.w.org\/{rel}","templated":true}]}}