{"id":118579,"date":"2025-12-27T17:02:15","date_gmt":"2025-12-27T17:02:15","guid":{"rendered":"https:\/\/www.europesays.com\/se\/118579\/"},"modified":"2025-12-27T17:02:15","modified_gmt":"2025-12-27T17:02:15","slug":"sa-shoppar-varmlanningarna-pa-mellandagsrean-trodde-det-skulle-vara-annu-mer-nwt","status":"publish","type":"post","link":"https:\/\/www.europesays.com\/se\/118579\/","title":{"rendered":"S\u00e5 shoppar v\u00e4rml\u00e4nningarna p\u00e5 mellandagsrean: \u201dTrodde det skulle vara \u00e4nnu mer\u201d &#8211; NWT"},"content":{"rendered":"<ol>\n<li><a href=\"https:\/\/news.google.com\/rss\/articles\/CBMivwFBVV95cUxOdEYxLWUwR1R6T1AwSGQyMEtYeTBCOHlIbnJYazAzcjhycGVUOUxJbnlWZUVYbU1yZjFRNVBndUlHTVZqVm0tMVdMRjl6aU04WkhmQ1E3SWhRdW5NRms1TnBKdW9oOHlHdlBxUFRwcEU2MTIyREt1UGNuaDJkVmFJYk0wT2FvNXp6d0EzZGZYdlIzUDREVnpDR3BZdklkcE90SXd0ZlI2YlRvd1REV21xcjhlTzBoZF9oYldReXVQVQ?oc=5\" target=\"_blank\" rel=\"nofollow noopener\">S\u00e5 shoppar v\u00e4rml\u00e4nningarna p\u00e5 mellandagsrean: \u201dTrodde det skulle vara \u00e4nnu mer\u201d<\/a>&nbsp;&nbsp;NWT<\/li>\n<li><a href=\"https:\/\/news.google.com\/rss\/articles\/CBMikgFBVV95cUxNNVFGVm05OFlGdlZJY3hVOGdiZ3RPME0tQVQ3clN3VG5UOHVBbkZJTk1GN3c0NGVicTM4NWNteC04YndERTB5a0RqM2JNTm9tcDhCaV9qUU5CaWN3X3lyQ2RhaUlmdlZjN3k3YlhTZ0lpZUxKX0xNeExNeXBYRkM4Z3gwdEpHTDN4b3hLcEEyb3R4UQ?oc=5\" target=\"_blank\" rel=\"nofollow noopener\">H\u00f6r \u00f6rebroarnas olika \u00e5sikter om mellandagsrean<\/a>&nbsp;&nbsp;SVT Nyheter<\/li>\n<li><a href=\"https:\/\/news.google.com\/rss\/articles\/CBMivwFBVV95cUxNdWJudEZpSGtUWFpJckdUNm1ZM0NIb3QtdXhnS3Bic3Mya0lpZHI2Yk56RFhnMUpWRlozX2lXc2VFa3NXcm9Kc3dqZnJILWU1XzQ2X3VmcEpvN3BCdHhnM3V6MzRCYVlteF9BTHlGWV84OEZQU0UwNFdDbVAyeHY4bG9pZE5CWnVJdUxpbFZ5NUNRU2dib2s4ekdSS2xGWmxQdTJCSGtWd0c2Z2xIX2VNMVRJYVY4QkRWY0NPSzBpbw?oc=5\" target=\"_blank\" rel=\"nofollow noopener\">Ingen stegrande start p\u00e5 \u00e5rets mellandagsrea i Lidk\u00f6ping: \u201dDet \u00e4r inte som det var f\u00f6rr\u201d<\/a>&nbsp;&nbsp;NLT<\/li>\n<li><a href=\"https:\/\/news.google.com\/rss\/articles\/CBMijgFBVV95cUxPejFWR1Z0OW5BUXZtVXhGem00eEY3N2RjODVXMmRESVFrRURLaDdiaDMyXzR6RUowZElWellaNXVwd2M0TXUxYmZfR1NvTjhqTFZjNGxOMEF4VUloQXVVQ0hjZkNLcU13NXlMUUZUblFFaTVaMmVUQVFITDdHS25zQmZxQU5fdjNqd2VDYjNB?oc=5\" target=\"_blank\" rel=\"nofollow noopener\">Rena julafton f\u00f6r handeln p\u00e5 \u00e5rets mellandagsrea<\/a>&nbsp;&nbsp;sla.se<\/li>\n<li><a href=\"https:\/\/news.google.com\/rss\/articles\/CBMilwFBVV95cUxQREFkSnd3Y2Jyc2ZJd3NzMWY5N1psd3dRb1VZWk5UUHF0QnFhbW4zWjU3QTd2ZUNISmt4LXJjWWNXYkpwVklERFNQV0lDNktVQzk0dVZiVjRWZS0wMkdOV0V6cklQZEJQbEg1NWpkMXRFYkNXdlFxci10eVlmSlFPaEE0dUtvVFp2bU15XzdtSVNTR2w4TVdz?oc=5\" target=\"_blank\" rel=\"nofollow noopener\">Mellandagsrean inte lika stor idag \u2013 men Jalal letar fynd<\/a>&nbsp;&nbsp;Sveriges Radio<\/li>\n<\/ol>\n","protected":false},"excerpt":{"rendered":"S\u00e5 shoppar v\u00e4rml\u00e4nningarna p\u00e5 mellandagsrean: \u201dTrodde det skulle vara \u00e4nnu mer\u201d&nbsp;&nbsp;NWT H\u00f6r \u00f6rebroarnas olika \u00e5sikter om mellandagsrean&nbsp;&nbsp;SVT Nyheter&hellip;\n","protected":false},"author":2,"featured_media":118580,"comment_status":"","ping_status":"","sticky":false,"template":"","format":"standard","meta":{"footnotes":""},"categories":[65],"tags":[72,70,71,34,31,33,32,30],"class_list":{"0":"post-118579","1":"post","2":"type-post","3":"status-publish","4":"format-standard","5":"has-post-thumbnail","7":"category-ekonomi","8":"tag-business","9":"tag-economy","10":"tag-ekonomi","11":"tag-se","12":"tag-svenska","13":"tag-sverige","14":"tag-sweden","15":"tag-swedish"},"share_on_mastodon":{"url":"https:\/\/pubeurope.com\/@se\/115792612197587180","error":""},"_links":{"self":[{"href":"https:\/\/www.europesays.com\/se\/wp-json\/wp\/v2\/posts\/118579","targetHints":{"allow":["GET"]}}],"collection":[{"href":"https:\/\/www.europesays.com\/se\/wp-json\/wp\/v2\/posts"}],"about":[{"href":"https:\/\/www.europesays.com\/se\/wp-json\/wp\/v2\/types\/post"}],"author":[{"embeddable":true,"href":"https:\/\/www.europesays.com\/se\/wp-json\/wp\/v2\/users\/2"}],"replies":[{"embeddable":true,"href":"https:\/\/www.europesays.com\/se\/wp-json\/wp\/v2\/comments?post=118579"}],"version-history":[{"count":0,"href":"https:\/\/www.europesays.com\/se\/wp-json\/wp\/v2\/posts\/118579\/revisions"}],"wp:featuredmedia":[{"embeddable":true,"href":"https:\/\/www.europesays.com\/se\/wp-json\/wp\/v2\/media\/118580"}],"wp:attachment":[{"href":"https:\/\/www.europesays.com\/se\/wp-json\/wp\/v2\/media?parent=118579"}],"wp:term":[{"taxonomy":"category","embeddable":true,"href":"https:\/\/www.europesays.com\/se\/wp-json\/wp\/v2\/categories?post=118579"},{"taxonomy":"post_tag","embeddable":true,"href":"https:\/\/www.europesays.com\/se\/wp-json\/wp\/v2\/tags?post=118579"}],"curies":[{"name":"wp","href":"https:\/\/api.w.org\/{rel}","templated":true}]}}