{"id":118581,"date":"2025-12-27T17:03:15","date_gmt":"2025-12-27T17:03:15","guid":{"rendered":"https:\/\/www.europesays.com\/se\/118581\/"},"modified":"2025-12-27T17:03:15","modified_gmt":"2025-12-27T17:03:15","slug":"tva-plan-drev-in-i-snodriva-i-kittila-till-foljd-av-hard-vind-inrikes","status":"publish","type":"post","link":"https:\/\/www.europesays.com\/se\/118581\/","title":{"rendered":"Tv\u00e5 plan drev in i sn\u00f6driva i Kittil\u00e4 till f\u00f6ljd av h\u00e5rd vind | Inrikes"},"content":{"rendered":"<p class=\"aw-1gybjub aw-5vja16 kEtdKx kmuxyA yle__article__paragraph\">Passagerarplan och ett mindre plan drevs bort fr\u00e5n taxibanan. Ingen skadades.<\/p>\n<p><img decoding=\"async\" alt=\"Brandbilar p\u00e5 en sn\u00f6ig flygplats.\" src=\"https:\/\/www.europesays.com\/se\/wp-content\/uploads\/2025\/12\/39-157476869500a87489c9.jpeg\" class=\"aw-1l9m598 hKVVvP\"\/><\/p>\n<p>\u00d6ppna bildvisare<\/p>\n<p>Flera brandbilar ryckte ut till flygplatsen n\u00e4r larmet gick. Bild: Satu Renko \/ LehtikuvaLyssna (du h\u00f6r en artificiell r\u00f6st) 1:17<\/p>\n<p class=\"aw-1gybjub aw-1p7kakr kEtdKx cEmitX yle__article__paragraph\">Strax efter klockan 16 kom uppgifter om att en olycka inom lufttrafiken hade intr\u00e4ffat i Kittil\u00e4.<\/p>\n<p class=\"aw-1gybjub aw-1p7kakr kEtdKx cEmitX yle__article__paragraph\">Ett passagerarplan och ett mindre plan har enligt Lapplands r\u00e4ddningsverk drivits \u00e5t sidan, bort fr\u00e5n taxibanan, av kraftig sidovind och k\u00f6rt in i en sn\u00f6driva.<\/p>\n<p class=\"aw-1gybjub aw-1p7kakr kEtdKx cEmitX yle__article__paragraph\"><strong class=\"aw-ak79eh KyCXm yle__article__strong\">Pia Fast<\/strong> fr\u00e5n Finavias kommunikationsavdelning s\u00e4ger till Svenska Yle att flygtrafiken till och fr\u00e5n Kittil\u00e4 \u00e4r avbruten f\u00f6r \u00f6gonblicket till f\u00f6ljd av det skedda.<\/p>\n<p class=\"aw-1gybjub aw-1p7kakr kEtdKx cEmitX yle__article__paragraph\">\u2013 S\u00e5 snart som passagerarplanet har transporterats bort fr\u00e5n landningsbanan \u00e5terupptas trafiken igen, s\u00e4ger Fast.<\/p>\n<p>Sv\u00e5ra v\u00e4derf\u00f6rh\u00e5llanden<\/p>\n<p class=\"aw-1gybjub aw-1p7kakr kEtdKx cEmitX yle__article__paragraph\">Larmet om olyckan kom klockan 16.06 till r\u00e4ddningsverket och ett tiotal r\u00e4ddningsenheter anl\u00e4nde till platsen.<\/p>\n<p class=\"aw-1gybjub aw-1p7kakr kEtdKx cEmitX yle__article__paragraph\">Passagerarplanet hade 150 personer ombord, det mindre planet under tio. Ingen skadades i olyckan enligt r\u00e4ddningsverket.<\/p>\n<p class=\"aw-1gybjub aw-1p7kakr kEtdKx cEmitX yle__article__paragraph\">V\u00e4dret \u00e4r d\u00e5ligt i trakten till f\u00f6ljd av vinterstormen Hannes och flera flyg har varit f\u00f6rsenade.<\/p>\n<p class=\"aw-1gybjub aw-1p7kakr kEtdKx cEmitX yle__article__paragraph\">\u2013 Vindbyarna \u00e4r kraftiga, det kommer sn\u00f6 och sn\u00f6blandat regn s\u00e5 v\u00e4derf\u00f6rh\u00e5llandena \u00e4r v\u00e4ldigt sv\u00e5ra just nu, s\u00e4ger Fast.<\/p>\n<p><img decoding=\"async\" alt=\"Karta d\u00e4r Kittil\u00e4 har m\u00e4rkts ut.\" src=\"https:\/\/www.europesays.com\/se\/wp-content\/uploads\/2025\/12\/39-1574765694ff9451057f.jpeg\" loading=\"lazy\" class=\"aw-1l9m598 hKVVvP\"\/><\/p>\n<p>\u00d6ppna bildvisare<\/p>\n<p>Flygtrafiken till Kittil\u00e4 flygplats \u00e5terupptas s\u00e5 snart passagerarplanet har transporterats bort fr\u00e5n landningsbanan. Bild: Quick map-tool<\/p>\n","protected":false},"excerpt":{"rendered":"Passagerarplan och ett mindre plan drevs bort fr\u00e5n taxibanan. Ingen skadades. \u00d6ppna bildvisare Flera brandbilar ryckte ut till&hellip;\n","protected":false},"author":2,"featured_media":118582,"comment_status":"","ping_status":"","sticky":false,"template":"","format":"standard","meta":{"footnotes":""},"categories":[14],"tags":[22,23,26,27,684,17,21,683,12688,12689,24,25,28,29,15,16,4972,4977,18,34,31,33,32,30,19,20,51,52,53,54],"class_list":{"0":"post-118581","1":"post","2":"type-post","3":"status-publish","4":"format-standard","5":"has-post-thumbnail","7":"category-varlden","8":"tag-breaking-news","9":"tag-breakingnews","10":"tag-featured-news","11":"tag-featurednews","12":"tag-finland","13":"tag-headlines","14":"tag-huvudnyheter","15":"tag-inrikes","16":"tag-kittila","17":"tag-kittila-flygplats","18":"tag-latest-news","19":"tag-latestnews","20":"tag-main-news","21":"tag-mainnews","22":"tag-news","23":"tag-nyheter","24":"tag-olyckor","25":"tag-raddningsverksamhet","26":"tag-rubriker","27":"tag-se","28":"tag-svenska","29":"tag-sverige","30":"tag-sweden","31":"tag-swedish","32":"tag-top-stories","33":"tag-topstories","34":"tag-varlden","35":"tag-world","36":"tag-world-news","37":"tag-worldnews"},"share_on_mastodon":{"url":"https:\/\/pubeurope.com\/@se\/115792616551824779","error":""},"_links":{"self":[{"href":"https:\/\/www.europesays.com\/se\/wp-json\/wp\/v2\/posts\/118581","targetHints":{"allow":["GET"]}}],"collection":[{"href":"https:\/\/www.europesays.com\/se\/wp-json\/wp\/v2\/posts"}],"about":[{"href":"https:\/\/www.europesays.com\/se\/wp-json\/wp\/v2\/types\/post"}],"author":[{"embeddable":true,"href":"https:\/\/www.europesays.com\/se\/wp-json\/wp\/v2\/users\/2"}],"replies":[{"embeddable":true,"href":"https:\/\/www.europesays.com\/se\/wp-json\/wp\/v2\/comments?post=118581"}],"version-history":[{"count":0,"href":"https:\/\/www.europesays.com\/se\/wp-json\/wp\/v2\/posts\/118581\/revisions"}],"wp:featuredmedia":[{"embeddable":true,"href":"https:\/\/www.europesays.com\/se\/wp-json\/wp\/v2\/media\/118582"}],"wp:attachment":[{"href":"https:\/\/www.europesays.com\/se\/wp-json\/wp\/v2\/media?parent=118581"}],"wp:term":[{"taxonomy":"category","embeddable":true,"href":"https:\/\/www.europesays.com\/se\/wp-json\/wp\/v2\/categories?post=118581"},{"taxonomy":"post_tag","embeddable":true,"href":"https:\/\/www.europesays.com\/se\/wp-json\/wp\/v2\/tags?post=118581"}],"curies":[{"name":"wp","href":"https:\/\/api.w.org\/{rel}","templated":true}]}}