{"id":118589,"date":"2025-12-27T17:13:11","date_gmt":"2025-12-27T17:13:11","guid":{"rendered":"https:\/\/www.europesays.com\/se\/118589\/"},"modified":"2025-12-27T17:13:11","modified_gmt":"2025-12-27T17:13:11","slug":"os-hjalten-gor-comeback-i-tv-efter-17-ar-langdskidor","status":"publish","type":"post","link":"https:\/\/www.europesays.com\/se\/118589\/","title":{"rendered":"OS-hj\u00e4lten g\u00f6r comeback i tv \u2013 efter 17 \u00e5r | L\u00e4ngdskidor"},"content":{"rendered":"<p>Publicerad 27 dec 2025 kl 16.53Uppdaterad kl 17.57<\/p>\n<p>Efter 17 \u00e5r g\u00f6r den gamle OS-hj\u00e4lten Niklas Jonsson, 56, comeback som expert i tv.<\/p>\n<p>Tillsammans med Jonas Karlsson ska Jonsson leda Discoverys s\u00e4ndningar fr\u00e5n l\u00e4ngd\u00e5kningen i OS.<\/p>\n<p>\u2013 Jag tror aldrig jag ens f\u00e5tt fr\u00e5gan om det inte varit f\u00f6r Jonas, s\u00e4ger Niklas Jonsson.<\/p>\n<p><img   alt=\"\"\/><\/p>\n<p>\u00c5TERF\u00d6RENAS. Redan 2003 kommenterade Jonas Karlsson och Niklas Jonsson ihop SVT.<\/p>\n<p>Foto: RICKARD NILSSON \/ BILDBYR\u00c5N<\/p>\n<p>\u00d6ppna bild i helsk\u00e4rm<img loading=\"lazy\"   alt=\"\"\/><\/p>\n<p>Niklas Jonsson.<\/p>\n<p>Foto: Cornelia J\u00f6nsson \/ TT NYHETSBYR\u00c5N<\/p>\n<p>\u00d6ppna bild i helsk\u00e4rmArikeln i korthet<\/p>\n<p> Niklas Jonsson g\u00f6r comeback som l\u00e4ngdexpert \u2013 \u00e5terf\u00f6renas med Jonas Karlsson p\u00e5 Discovery.<\/p>\n<p> Duon beskrivs som Sveriges kunnigaste inom l\u00e4ngdskid\u00e5kning.<\/p>\n<p> Jonsson tror p\u00e5 fyra svenska OS-guld p\u00e5 damsidan.<\/p>\n<p>Visa mer<\/p>\n<p>Under sex s\u00e4songer, 2003 till 2009, jobbade Niklas Jonsson som expert under SVT:s s\u00e4ndningar fr\u00e5n l\u00e4ngd\u00e5kning \u2013 med <a href=\"https:\/\/www.expressen.se\/tagg\/person\/jonas-karlsson\/\" class=\"\" rel=\"nofollow noopener\" target=\"_blank\">Jonas Karlsson<\/a> vid sin sida som kommentator.<\/p>\n<p>Nu \u00e5terf\u00f6renas duon igen. \u00a0<\/p>\n<p>\u2013 Det st\u00e4mmer, vi har tagit in Niklas. Tillsammans med Jonas Karlsson s\u00e5 har vi Sveriges kunnigaste kommentatorsduo n\u00e4r det kommer till l\u00e4ngdskid\u00e5kning, s\u00e4ger P\u00e4r Andersson, redaktionschef p\u00e5 Discovery.\u00a0<\/p>\n<p>\u2013 Att han inte varit i tv p\u00e5 ett antal \u00e5r ser jag bara som positivt, det g\u00f6r honom extra taggad att b\u00f6rja arbeta.<\/p>\n<p>Expressen kunde tidigare i december avsl\u00f6ja att Jonas Karlsson under OS byter fr\u00e5n Viaplay till Discovery. Och som expert f\u00e5r Karlsson nu allts\u00e5 med sig Niklas Jonsson, som vann OS-silver p\u00e5 femmilen i Nagano 1998.<\/p>\n<p>Tackar Jonas Karlsson<\/p>\n<p>\u2013 Det k\u00e4nns det v\u00e4ldigt tryggt att jobba med Jonas, han \u00e4r ju en v\u00e4ldigt kunnig och p\u00e5l\u00e4st kommentator, s\u00e4ger Niklas Jonsson.<\/p>\n<p>\u2013 F\u00f6rhoppningsvis kan vi forts\u00e4tta som vi slutade \u2013 och kanske lite b\u00e4ttre.<\/p>\n<p>Enligt Niklas Jonsson \u00e4r det tack vare Jonas Karlsson han f\u00e5tt fr\u00e5gan om expertrollen under OS.\u00a0<\/p>\n<p>\u2013 Det var nog helt avg\u00f6rande. Annars tror inte s\u00e5 m\u00e5nga kommer ih\u00e5g att jag en g\u00e5ng kommenterade. Det har varit m\u00e5nga som gjort det efter mig.\u00a0<\/p>\n<p><strong>Det \u00e4r 17 \u00e5r sedan sist \u2013 \u00e4r du nerv\u00f6s inf\u00f6r comebacken?<\/strong><\/p>\n<p>\u2013 Nej, jag k\u00e4nner mig ganska trygg. Jag har ju inte varit borta fr\u00e5n sporten under de h\u00e4r \u00e5ren, tv\u00e4rtom s\u00e5 har skidorna varit en st\u00f6rre del av mitt liv efter 2009.<\/p>\n<p>Tror p\u00e5 fyra svenska guld<\/p>\n<p>Efter tiden som SVT-expert tillbringade Niklas Jonsson flera \u00e5r som svensk representant i internationella skidf\u00f6rbundet (Fis) l\u00e4ngdkommitt\u00e9. Dessutom har han varit engagerad i sina tre s\u00f6ners skidkarri\u00e4rrer.<\/p>\n<p>\u2013 Sedan min \u00e4ldsta son P\u00e5l blev junior har jag nog inte missat en nationell cupt\u00e4vling eller SM. Och nu \u00e4r jag ocks\u00e5 engagerad inom Pite\u00e5 Elit, s\u00e4ger Niklas Jonsson.<\/p>\n<p><strong>En expertfr\u00e5ga d\u00e5: hur m\u00e5nga svenska guld blir det i l\u00e4ngd\u00e5kning under OS?<\/strong><\/p>\n<p>\u2013 Det skulle vara osannolikt varit om det blev samma utdelning som i Trondheim. Jag gissar p\u00e5 fyra guld p\u00e5 damsidan \u2013 och det ska nog mycket till om vi tar n\u00e5got p\u00e5 herrsidan.\u00a0<\/p>\n","protected":false},"excerpt":{"rendered":"Publicerad 27 dec 2025 kl 16.53Uppdaterad kl 17.57 Efter 17 \u00e5r g\u00f6r den gamle OS-hj\u00e4lten Niklas Jonsson, 56,&hellip;\n","protected":false},"author":2,"featured_media":118590,"comment_status":"","ping_status":"","sticky":false,"template":"","format":"standard","meta":{"footnotes":""},"categories":[5],"tags":[22,23,26,27,17,21,24,25,28,29,15,16,12690,1176,812,18,34,857,31,33,32,30,19,20],"class_list":{"0":"post-118589","1":"post","2":"type-post","3":"status-publish","4":"format-standard","5":"has-post-thumbnail","7":"category-rubriker","8":"tag-breaking-news","9":"tag-breakingnews","10":"tag-featured-news","11":"tag-featurednews","12":"tag-headlines","13":"tag-huvudnyheter","14":"tag-latest-news","15":"tag-latestnews","16":"tag-main-news","17":"tag-mainnews","18":"tag-news","19":"tag-nyheter","20":"tag-organization-discovery","21":"tag-organization-os","22":"tag-person-jonas-karlsson","23":"tag-rubriker","24":"tag-se","25":"tag-sections-langdskidor","26":"tag-svenska","27":"tag-sverige","28":"tag-sweden","29":"tag-swedish","30":"tag-top-stories","31":"tag-topstories"},"share_on_mastodon":{"url":"https:\/\/pubeurope.com\/@se\/115792655355843114","error":""},"_links":{"self":[{"href":"https:\/\/www.europesays.com\/se\/wp-json\/wp\/v2\/posts\/118589","targetHints":{"allow":["GET"]}}],"collection":[{"href":"https:\/\/www.europesays.com\/se\/wp-json\/wp\/v2\/posts"}],"about":[{"href":"https:\/\/www.europesays.com\/se\/wp-json\/wp\/v2\/types\/post"}],"author":[{"embeddable":true,"href":"https:\/\/www.europesays.com\/se\/wp-json\/wp\/v2\/users\/2"}],"replies":[{"embeddable":true,"href":"https:\/\/www.europesays.com\/se\/wp-json\/wp\/v2\/comments?post=118589"}],"version-history":[{"count":0,"href":"https:\/\/www.europesays.com\/se\/wp-json\/wp\/v2\/posts\/118589\/revisions"}],"wp:featuredmedia":[{"embeddable":true,"href":"https:\/\/www.europesays.com\/se\/wp-json\/wp\/v2\/media\/118590"}],"wp:attachment":[{"href":"https:\/\/www.europesays.com\/se\/wp-json\/wp\/v2\/media?parent=118589"}],"wp:term":[{"taxonomy":"category","embeddable":true,"href":"https:\/\/www.europesays.com\/se\/wp-json\/wp\/v2\/categories?post=118589"},{"taxonomy":"post_tag","embeddable":true,"href":"https:\/\/www.europesays.com\/se\/wp-json\/wp\/v2\/tags?post=118589"}],"curies":[{"name":"wp","href":"https:\/\/api.w.org\/{rel}","templated":true}]}}