{"id":118595,"date":"2025-12-27T17:24:23","date_gmt":"2025-12-27T17:24:23","guid":{"rendered":"https:\/\/www.europesays.com\/se\/118595\/"},"modified":"2025-12-27T17:24:23","modified_gmt":"2025-12-27T17:24:23","slug":"den-forlista-fiskebaten-i-oxelosunds-skargard-har-hittats-batliv","status":"publish","type":"post","link":"https:\/\/www.europesays.com\/se\/118595\/","title":{"rendered":"Den f\u00f6rlista fiskeb\u00e5ten i Oxel\u00f6sunds sk\u00e4rg\u00e5rd har hittats &#8211; B\u00e5tliv"},"content":{"rendered":"<p>\t\t\t\t&#13;<\/p>\n<p>Den fiskeb\u00e5t d\u00e4r tv\u00e5 personer omkom under juldagen har hittats i sk\u00e4rg\u00e5rden s\u00f6der om Oxel\u00f6sund. B\u00e5ten ligger p\u00e5 n\u00e4rmare 40 meters djup. \u00c4ven tr\u00e5len \u00e4r lokaliserad till samma plats.<\/p>\n<p>Pressmeddelande 27 december:<\/p>\n<p>\u2013 Medverkan av resurser fr\u00e5n Kustbevakningen fr\u00e5n andra delar av landet gjorde att insatsen snabbt kunde p\u00e5b\u00f6rjas och genomf\u00f6ras. Tack vare god samverkan mellan flera myndigheter kunde s\u00f6komr\u00e5det begr\u00e4nsas och positionen snabbt fastst\u00e4llas, s\u00e4ger Hanna B\u00fchler, vakthavande bef\u00e4l p\u00e5 Kustbevakningens ledningscentral.<\/p>\n<p>Vid efters\u00f6ket anv\u00e4nde bes\u00e4ttningen p\u00e5 kombinationsfartyget KBV 031 undervattensdr\u00f6nare, ROV, f\u00f6r att s\u00f6ka av havsbotten i omr\u00e5det.<\/p>\n<p>Kustbevakningen unders\u00f6ker m\u00f6jligheten till en eventuell kommande b\u00e4rgning, det vill s\u00e4ga om och hur en b\u00e4rgning kan ombes\u00f6rjas. B\u00e5ten kommer inte att kunna flyttas under den n\u00e4rmaste tiden.<\/p>\n<p>\u2013 Vi forts\u00e4tter arbetet med samverkande myndigheter f\u00f6r att klarg\u00f6ra vad som h\u00e4nde i samband med den tragiska olyckan. Lokalisering av b\u00e5ten och tr\u00e5len \u00e4r ett avg\u00f6rande steg i utredningsarbetet, s\u00e4ger Hanna B\u00fchler, vakthavande bef\u00e4l p\u00e5 Kustbevakningens ledningscentral.<\/p>\n<p>Kustbevakningen bitr\u00e4der \u00e5klagare i f\u00f6runders\u00f6kningen och arbetet sker \u00e4ven i n\u00e4ra samverkan med polis och Statens haverikommission.<\/p>\n<p>\u00c5klagaren kan inte l\u00e4mna n\u00e5gon information om utredningen i dagsl\u00e4get.<\/p>\n<p>K\u00e4lla och foto: Kustbevakningen.<\/p>\n<p><a href=\"https:\/\/www.europesays.com\/se\/wp-content\/uploads\/2025\/12\/ROV_.jpg\" class=\"image-link\" rel=\"lightbox[51329]\"><img loading=\"lazy\" decoding=\"async\" class=\"alignnone size-full wp-image-51330\" src=\"https:\/\/www.europesays.com\/se\/wp-content\/uploads\/2025\/12\/ROV_.jpg\" alt=\"\" width=\"639\" height=\"852\"  \/><\/a><\/p>\n<p>Vid efters\u00f6ket anv\u00e4nde bes\u00e4ttningen p\u00e5 kombinationsfartyget KBV 031 undervattensdr\u00f6nare, ROV, f\u00f6r att s\u00f6ka av havsbotten i omr\u00e5det. Under l\u00f6rdagen hittades fiskeb\u00e5ten.<\/p>\n<p>\u00a0<\/p>\n","protected":false},"excerpt":{"rendered":"&#13; Den fiskeb\u00e5t d\u00e4r tv\u00e5 personer omkom under juldagen har hittats i sk\u00e4rg\u00e5rden s\u00f6der om Oxel\u00f6sund. B\u00e5ten ligger&hellip;\n","protected":false},"author":2,"featured_media":118596,"comment_status":"","ping_status":"","sticky":false,"template":"","format":"standard","meta":{"footnotes":""},"categories":[5],"tags":[22,23,26,27,17,21,3345,24,25,28,29,15,16,18,34,31,33,32,30,19,20],"class_list":{"0":"post-118595","1":"post","2":"type-post","3":"status-publish","4":"format-standard","5":"has-post-thumbnail","7":"category-rubriker","8":"tag-breaking-news","9":"tag-breakingnews","10":"tag-featured-news","11":"tag-featurednews","12":"tag-headlines","13":"tag-huvudnyheter","14":"tag-kustbevakningen","15":"tag-latest-news","16":"tag-latestnews","17":"tag-main-news","18":"tag-mainnews","19":"tag-news","20":"tag-nyheter","21":"tag-rubriker","22":"tag-se","23":"tag-svenska","24":"tag-sverige","25":"tag-sweden","26":"tag-swedish","27":"tag-top-stories","28":"tag-topstories"},"share_on_mastodon":{"url":"https:\/\/pubeurope.com\/@se\/115792698853254767","error":""},"_links":{"self":[{"href":"https:\/\/www.europesays.com\/se\/wp-json\/wp\/v2\/posts\/118595","targetHints":{"allow":["GET"]}}],"collection":[{"href":"https:\/\/www.europesays.com\/se\/wp-json\/wp\/v2\/posts"}],"about":[{"href":"https:\/\/www.europesays.com\/se\/wp-json\/wp\/v2\/types\/post"}],"author":[{"embeddable":true,"href":"https:\/\/www.europesays.com\/se\/wp-json\/wp\/v2\/users\/2"}],"replies":[{"embeddable":true,"href":"https:\/\/www.europesays.com\/se\/wp-json\/wp\/v2\/comments?post=118595"}],"version-history":[{"count":0,"href":"https:\/\/www.europesays.com\/se\/wp-json\/wp\/v2\/posts\/118595\/revisions"}],"wp:featuredmedia":[{"embeddable":true,"href":"https:\/\/www.europesays.com\/se\/wp-json\/wp\/v2\/media\/118596"}],"wp:attachment":[{"href":"https:\/\/www.europesays.com\/se\/wp-json\/wp\/v2\/media?parent=118595"}],"wp:term":[{"taxonomy":"category","embeddable":true,"href":"https:\/\/www.europesays.com\/se\/wp-json\/wp\/v2\/categories?post=118595"},{"taxonomy":"post_tag","embeddable":true,"href":"https:\/\/www.europesays.com\/se\/wp-json\/wp\/v2\/tags?post=118595"}],"curies":[{"name":"wp","href":"https:\/\/api.w.org\/{rel}","templated":true}]}}