{"id":118605,"date":"2025-12-27T17:45:11","date_gmt":"2025-12-27T17:45:11","guid":{"rendered":"https:\/\/www.europesays.com\/se\/118605\/"},"modified":"2025-12-27T17:45:11","modified_gmt":"2025-12-27T17:45:11","slug":"arsenal-sankte-brighton-i-premier-league","status":"publish","type":"post","link":"https:\/\/www.europesays.com\/se\/118605\/","title":{"rendered":"Arsenal s\u00e4nkte Brighton i Premier League"},"content":{"rendered":"<p><a data-test-tag=\"internal-link\" href=\"https:\/\/www.aftonbladet.se\/av\/viktoria-bjorklof\" class=\"hyperion-css-13ns1rr\" rel=\"nofollow noopener\" target=\"\" aria-label=\"Se alla artiklar av Viktoria Bj\u00f6rkl\u00f6f\"><img decoding=\"async\" class=\"image-asset hyperion-css-n6kkq1\" data-test-tag=\"image-asset\" src=\"https:\/\/www.europesays.com\/se\/wp-content\/uploads\/2025\/12\/1766857510_351_1451f1a9-65d4-4311-b16d-fd619a2326e7\"  alt=\"\"  loading=\"lazy\" fetchpriority=\"auto\" style=\"aspect-ratio:1900 \/ 1900\"\/><\/a><\/p>\n<p class=\"boxtextgrotesk-root_baa6 hyperion-css-1w346fg\">Uppdaterad 18.39 | Publicerad 17.55<\/p>\n<p>share-arrowDela<\/p>\n<p>unsaveSpara<\/p>\n<p>Lyssna p\u00e5 artikelnLyssna p\u00e5&#8230;<\/p>\n<p>expand-left<\/p>\n<p>helsk\u00e4rm<img decoding=\"async\" class=\"image-asset hyperion-css-u06ts1\" data-test-tag=\"image-asset\" src=\"https:\/\/www.europesays.com\/se\/wp-content\/uploads\/2025\/12\/170c3172-8d91-4afc-a95f-2dd528e8af6b\"  alt=\"\"  loading=\"eager\" fetchpriority=\"high\" style=\"aspect-ratio:1900 \/ 1266\"\/> Foto: Mark Thompson \/ Getty Images<\/p>\n<p class=\"hyperion-css-1shl3oz\" data-test-tag=\"lead-text\">Georginio Rutter, 23, skulle nicka bort en h\u00f6rna.<\/p>\n<p class=\"hyperion-css-1shl3oz\" data-test-tag=\"lead-text\">I st\u00e4llet gick bollen in i det egna m\u00e5let bakom honom.<\/p>\n<p class=\"hyperion-css-1shl3oz\" data-test-tag=\"lead-text\">Nu \u00e4r Arsenal tillbaka som tabelletta.<\/p>\n<p class=\"hyperion-css-1v9qo5x\">En fint slagen h\u00f6rna av Declan Rice tog bollen in framf\u00f6r Brightonm\u00e5let. Trots att ingen av hans medspelare var f\u00f6rst p\u00e5 bollen resulterade den fasta situationen i ett m\u00e5l f\u00f6r Londonklubben.<\/p>\n<p class=\"hyperion-css-1v9qo5x\">Georginio Rutter nickade n\u00e4mligen olyckligt in 2\u20130 bakom egna m\u00e5lvakten Verbruggen. <\/p>\n<p class=\"hyperion-css-1v9qo5x\">Matchen slutade 2\u20131 till Arsenal efter att svenske landslagmittf\u00e4ltaren Yasin Ayari var bakom Brightons reduceringsm\u00e5l signerat Diego Gomez i den 64:e minuten.<\/p>\n<p class=\"hyperion-css-1v9qo5x\">\u2013 Fr\u00e5n ingenstans kommer Brighton tillbaka med ett riktigt v\u00e4lavslutat m\u00e5l och under de f\u00f6ljande tio minuterna var det helt och h\u00e5llet Brighton. De skapade chanser, satte press, s\u00e4ger tidigare Nottingham Forest-spelaren Andy Reid i BBC.<\/p>\n<p>Tillbaka i topp<\/p>\n<p class=\"hyperion-css-1v9qo5x\">David Raya stod sedan f\u00f6r en j\u00e4tter\u00e4ddning efter ett n\u00e4st intill perfekt placerat avslut av Minteh.<\/p>\n<p class=\"hyperion-css-1v9qo5x\">\u2013 Arsenal har Raya att tacka, eftersom det var en stor r\u00e4ddning i ett v\u00e4ldigt viktigt skede av matchen, forts\u00e4tter Reid i BBC.<\/p>\n<p class=\"hyperion-css-1v9qo5x\">Viktor Gy\u00f6keres fick se sig m\u00e5ll\u00f6s och blev utbytt med tjugo minuter kvar av ordinarie tid.<\/p>\n<p class=\"hyperion-css-1v9qo5x\">Med tre po\u00e4ng i bagaget leder Arsenal serien igen med tv\u00e5 po\u00e4ng \u00f6ver Manchester City som tillf\u00e4lligt tog \u00f6ver posten efter sin seger mot Nottingham Forest tidigare i dag.<\/p>\n<p>F\u00f6rsta m\u00e5let i \u00e5r<\/p>\n<p class=\"hyperion-css-1v9qo5x\">Norska landslagskaptenen Martin \u00d6degaard har dragits med skador under h\u00f6sten och har beh\u00f6vt n\u00e5gra matcher p\u00e5 sig att komma tillbaka till sina forna form.<\/p>\n<p class=\"hyperion-css-1v9qo5x\">Och nu f\u00e5r v\u00e4l norrmannen betraktas vara i den. <\/p>\n<p class=\"hyperion-css-1v9qo5x\">Efter mindre \u00e4n kvarten spelad spr\u00e4ckte \u00d6degaard m\u00e5lnollan. Det var hans f\u00f6rsta m\u00e5l f\u00f6r s\u00e4songen. S\u00e4songen 2024\/25 noterades han f\u00f6r sex m\u00e5l totalt varav tre i ligan.<\/p>\n<p class=\"hyperion-css-1v9qo5x\">\u2013 Den har jag v\u00e4ntat p\u00e5. Jag har jobbat mycket med avsluten p\u00e5 tr\u00e4ning, s\u00e5 det k\u00e4nns sk\u00f6nt, s\u00e4ger han till BBC efter matchen.<\/p>\n<p class=\"hyperion-css-1v9qo5x\">Londonklubben hinner med en till match innan \u00e5ret \u00e4r slut. Den 30:e december st\u00e4lls de mot Aston Villa.<\/p>\n<p>H\u00e4ndelserInb\u00f6rdes m\u00f6ten5 senasteLaguppst\u00e4llningTabell<\/p>\n<p>Arena: Emirates StadiumDomare: John Brooks<\/p>\n<ul class=\"eventperiod-eventList_faaa\">\n<li class=\"eventrow-eventRow_630f\">\n<p>B. Saka <b>M. \u00d8degaard\u00a0(1-0)\u00a0<\/b><\/p>\n<p>14&#8242;<\/p>\n<\/li>\n<li class=\"eventrow-eventRow_630f\">\n<p>45&#8217;+1<\/p>\n<\/li>\n<\/ul>\n<ul class=\"eventperiod-eventList_faaa\">\n<li class=\"eventrow-eventRow_630f\">\n<p>46&#8242;<\/p>\n<\/li>\n<li class=\"eventrow-eventRow_630f\">\n<p>50&#8242;<\/p>\n<\/li>\n<li class=\"eventrow-eventRow_630f\">\n<p>52&#8242;<\/p>\n<\/li>\n<li class=\"eventrow-eventRow_630f\">\n<p>56&#8242;<\/p>\n<\/li>\n<li class=\"eventrow-eventRow_630f\">\n<p>64&#8242;<\/p>\n<\/li>\n<li class=\"eventrow-eventRow_630f\">\n<p>69&#8242;<\/p>\n<\/li>\n<li class=\"eventrow-eventRow_630f\">\n<p><b>G. Magalhaes<\/b>\u00a0M. Lewis-Skelly<\/p>\n<p>71&#8242;<\/p>\n<\/li>\n<li class=\"eventrow-eventRow_630f\">\n<p>75&#8242;<\/p>\n<p><b>D. Welbeck<\/b>\u00a0J. Hinshelwood<\/p>\n<\/li>\n<li class=\"eventrow-eventRow_630f\">\n<p><b>G. Martinelli<\/b>\u00a0L. Trossard<\/p>\n<p>82&#8242;<\/p>\n<\/li>\n<li class=\"eventrow-eventRow_630f\">\n<p>87&#8242;<\/p>\n<\/li>\n<li class=\"eventrow-eventRow_630f\">\n<p>90&#8242;<\/p>\n<\/li>\n<\/ul>\n<p><a class=\"default eventsummary-followLink_0f93 hyperion-css-1u8qly9\" href=\"https:\/\/malservice.aftonbladet.se\/match\/_\/699418\/rapport\" target=\"_blank\" rel=\"noopener noreferrer nofollow\" data-test-tag=\"external-link\">L\u00e4s mer p\u00e5 M\u00e5lservicechevron-right<\/a><\/p>\n","protected":false},"excerpt":{"rendered":"Uppdaterad 18.39 | Publicerad 17.55 share-arrowDela unsaveSpara Lyssna p\u00e5 artikelnLyssna p\u00e5&#8230; expand-left helsk\u00e4rm Foto: Mark Thompson \/ Getty&hellip;\n","protected":false},"author":2,"featured_media":118606,"comment_status":"","ping_status":"","sticky":false,"template":"","format":"standard","meta":{"footnotes":""},"categories":[5],"tags":[22,23,26,27,17,21,24,25,28,29,15,16,18,34,31,33,32,30,19,20],"class_list":{"0":"post-118605","1":"post","2":"type-post","3":"status-publish","4":"format-standard","5":"has-post-thumbnail","7":"category-rubriker","8":"tag-breaking-news","9":"tag-breakingnews","10":"tag-featured-news","11":"tag-featurednews","12":"tag-headlines","13":"tag-huvudnyheter","14":"tag-latest-news","15":"tag-latestnews","16":"tag-main-news","17":"tag-mainnews","18":"tag-news","19":"tag-nyheter","20":"tag-rubriker","21":"tag-se","22":"tag-svenska","23":"tag-sverige","24":"tag-sweden","25":"tag-swedish","26":"tag-top-stories","27":"tag-topstories"},"share_on_mastodon":{"url":"https:\/\/pubeurope.com\/@se\/115792781388149316","error":""},"_links":{"self":[{"href":"https:\/\/www.europesays.com\/se\/wp-json\/wp\/v2\/posts\/118605","targetHints":{"allow":["GET"]}}],"collection":[{"href":"https:\/\/www.europesays.com\/se\/wp-json\/wp\/v2\/posts"}],"about":[{"href":"https:\/\/www.europesays.com\/se\/wp-json\/wp\/v2\/types\/post"}],"author":[{"embeddable":true,"href":"https:\/\/www.europesays.com\/se\/wp-json\/wp\/v2\/users\/2"}],"replies":[{"embeddable":true,"href":"https:\/\/www.europesays.com\/se\/wp-json\/wp\/v2\/comments?post=118605"}],"version-history":[{"count":0,"href":"https:\/\/www.europesays.com\/se\/wp-json\/wp\/v2\/posts\/118605\/revisions"}],"wp:featuredmedia":[{"embeddable":true,"href":"https:\/\/www.europesays.com\/se\/wp-json\/wp\/v2\/media\/118606"}],"wp:attachment":[{"href":"https:\/\/www.europesays.com\/se\/wp-json\/wp\/v2\/media?parent=118605"}],"wp:term":[{"taxonomy":"category","embeddable":true,"href":"https:\/\/www.europesays.com\/se\/wp-json\/wp\/v2\/categories?post=118605"},{"taxonomy":"post_tag","embeddable":true,"href":"https:\/\/www.europesays.com\/se\/wp-json\/wp\/v2\/tags?post=118605"}],"curies":[{"name":"wp","href":"https:\/\/api.w.org\/{rel}","templated":true}]}}