{"id":118612,"date":"2025-12-27T17:58:33","date_gmt":"2025-12-27T17:58:33","guid":{"rendered":"https:\/\/www.europesays.com\/se\/118612\/"},"modified":"2025-12-27T17:58:33","modified_gmt":"2025-12-27T17:58:33","slug":"ekonomisk-kris-i-sodertalje-sk-uppges-riskera-konkurs-hockeyallsvenskan","status":"publish","type":"post","link":"https:\/\/www.europesays.com\/se\/118612\/","title":{"rendered":"Ekonomisk kris i S\u00f6dert\u00e4lje SK \u2013 uppges riskera konkurs | Hockeyallsvenskan"},"content":{"rendered":"<p>Publicerad 27 dec 2025 kl 17.13Uppdaterad kl 18.21<\/p>\n<p>Det ekonomiska l\u00e4get i S\u00f6dert\u00e4lje SK beskrivs som \u201danstr\u00e4ngt\u201d.<\/p>\n<p>I mejl som <a href=\"https:\/\/www.lt.se\/2025-12-27\/ssk-larmar-till-kommunen-om-akut-brist-pa-pengar\/\" rel=\"nofollow noopener\" target=\"_blank\">LT<\/a> tagit del av m\u00e5las konkurs upp som en risk i och med att miljonbelopp saknas.<\/p>\n<p>\u2013 Det \u00e4r ett sv\u00e5rt l\u00e4ge, s\u00e4ger ordf\u00f6randen Lars-\u00c5ke M\u00e5nsson.<\/p>\n<p>Fina gesten: V\u00e4nnerna ska ha varandra p\u00e5 hj\u00e4lmen<img loading=\"lazy\"   alt=\"\"\/><\/p>\n<p>Framtiden \u00e4r os\u00e4ker f\u00f6r SSK.<\/p>\n<p>Foto: PATRIK C \u00d6STERBERG \/ MEDIABILD<\/p>\n<p>\u00d6ppna bild i helsk\u00e4rm<img loading=\"lazy\"   alt=\"\"\/><\/p>\n<p>Scaniarinkens framtid har ocks\u00e5 varit uppe f\u00f6r diskussion.<\/p>\n<p>Foto: PATRIK C \u00d6STERBERG \/ MEDIABILD<\/p>\n<p>\u00d6ppna bild i helsk\u00e4rm<\/p>\n<p>Efter en tuff h\u00f6st har nya orosmoln omg\u00e4rdat <a href=\"https:\/\/www.expressen.se\/tagg\/organization\/sodertalje-sk\/\" class=\"\" rel=\"nofollow noopener\" target=\"_blank\">S\u00f6dert\u00e4lje SK<\/a> under december m\u00e5nad.<\/p>\n<p>Innan jul rapporterade <a href=\"https:\/\/www.lt.se\/2025-12-17\/kommunens-miljonavtal-med-ssk-kraver-upphandling\/\" rel=\"nofollow noopener\" target=\"_blank\">LT<\/a> att klubbens avtal med kommunen om driften av hemmaarenan brutit mot lagen om offentlig upphandling. Andra akt\u00f6rer hade d\u00e5 inte f\u00e5tt buda p\u00e5 tj\u00e4nsten, innan det beslutades att kommunen tar \u00f6ver driften.<\/p>\n<p>D\u00e4refter kom <a href=\"https:\/\/www.lt.se\/2025-12-19\/ssk-gomde-forlust-i-sitt-arenabolag\/\" rel=\"nofollow noopener\" target=\"_blank\">uppgifter<\/a> om att klubben tagit ut en framtida skattel\u00e4ttnad, med f\u00f6rhoppning om att deras arenabolag skulle g\u00e5 med vinst kommande s\u00e4songer vilket inte \u00e4r en garanti.<\/p>\n<p>Nu kommer n\u00e4sta sm\u00e4ll: klassikerklubben saknar miljoner.<\/p>\n<p>Artikeln i korthet<\/p>\n<p>\u2022 Det ekonomiska l\u00e4get i S\u00f6dert\u00e4lje SK \u00e4r prek\u00e4rt efter en tuff h\u00f6st sportsligt.<\/p>\n<p>\u2022 Nu rapporterar LT om att flera miljoner saknas efter uteblivna kommunbidrag.<\/p>\n<p>\u2022 En av riskerna har varit att klubben skulle tvingas ans\u00f6ka om konkurs, enligt mejlkonversationer.<\/p>\n<p>Visa merOro f\u00f6r spelarflykt<\/p>\n<p>2024 fick de ett bidrag p\u00e5 tv\u00e5 miljoner kronor f\u00f6r sin nationella idrottsutbildning. Men n\u00e5got bidrag har inte godk\u00e4nts av kommunen f\u00f6r 2025, trots s\u00e5dana f\u00f6rhoppningar.\u00a0<\/p>\n<p>I en mejlkonversation med kommunen som <a href=\"https:\/\/www.lt.se\/2025-12-27\/ssk-larmar-till-kommunen-om-akut-brist-pa-pengar\/\" rel=\"nofollow noopener\" target=\"_blank\">LT<\/a> tagit del av \u00e4r rapporterna fr\u00e5n klubbdirekt\u00f6ren Kalle Boumedienne illavarslande d\u00e5 klubben tvingats skjuta p\u00e5 fakturahanteringar.<\/p>\n<p>\u201dF\u00e5r vi inte in pengarna den n\u00e4rmaste veckan \u00e4r jag h\u00f6gst os\u00e4ker p\u00e5 om vi kommer kunna betala ut v\u00e5ra l\u00f6ner f\u00f6r december\u201d, skrev han i b\u00f6rjan p\u00e5 m\u00e5naden.<\/p>\n<p><img loading=\"lazy\"   alt=\"\"\/><\/p>\n<p>Klubbdirekt\u00f6ren Kalle Boumedienne.<\/p>\n<p>Foto: JONATHAN N\u00c4CKSTRAND \/ BILDBYR\u00c5N<\/p>\n<p>\u00d6ppna bild i helsk\u00e4rm<\/p>\n<p>Det fortsatte.<\/p>\n<p>\u201dSkulle vi inte f\u00e5 till det kommer det med st\u00f6rsta sannolikhet inneb\u00e4ra att spelarna l\u00e4mnar omg\u00e5ende.\u201d<\/p>\n<p>SSK-larm om konkurshot<\/p>\n<p>Han lyfte \u00e4ven att det \u00e4r \u201dett par som inte f\u00e5r n\u00e5gon l\u00f6n\u201d och att klubben inte kommer \u201dkunna betala skatter som ska in\u201d i januari utan l\u00f6sning i sikte.<\/p>\n<p>\u201dBlir det s\u00e5 att man h\u00e5ller fast vid det kommer S\u00f6dert\u00e4lje Sportklubb f\u00e5 ans\u00f6ka om konkurs och l\u00e4gga ner verksamheten\u201d, skrev Boumedienne tidigare i december.<\/p>\n<p>Han meddelar dock att spelarna har f\u00e5tt sina l\u00f6ner.\u00a0<\/p>\n<p>Under l\u00f6rdagen svarar ordf\u00f6randen Lars-\u00c5ke M\u00e5nsson som tilltr\u00e4dde under h\u00f6sten.<\/p>\n<p>\u2013 Vi har r\u00e4knat med att f\u00e5 in pengarna f\u00f6r NIU under \u00e5ret, det drar ut p\u00e5 tiden. Blir det ingenting alls av pengarna fattas det ju tv\u00e5 och en halv miljon, det blir ett likviditetsproblem. Det \u00e4r kommunen medvetna om och vi hoppas att det l\u00f6ser sig, s\u00e4ger han till Expressen.<\/p>\n<p>\u201dDet \u00e4r ett sv\u00e5rt l\u00e4ge\u201d<\/p>\n<p>Klubbens f\u00f6rhoppning \u00e4r fortsatt att kommunen ska betala ut de 2,5 miljonerna i bidrag.<\/p>\n<p>\u2013 Vi har ju budgeterat med de pengarna och sedan f\u00f6rsvinner pengarna fr\u00e5n verksamheten&#8230; det \u00e4r klart att det blir en brist vi m\u00e5ste t\u00e4cka upp p\u00e5 n\u00e5got s\u00e4tt.\u00a0<\/p>\n<p>Konkursoro \u00e4r inget M\u00e5nsson inst\u00e4mmer i just nu.<\/p>\n<p>\u2013 Jag \u00e4r alltid optimistisk, vi vill alla att det ska g\u00e5 v\u00e4l f\u00f6r SSK. Samtidigt ska man vara realistisk, det \u00e4r ett sv\u00e5rt l\u00e4ge. Men det finns ett stort intresse nog d\u00e4r ute f\u00f6r att l\u00f6sa det, s\u00e4ger M\u00e5nsson.<\/p>\n<p>S\u00f6dert\u00e4lje st\u00e4lls mot AIK under l\u00f6rdagen.<\/p>\n<p><strong>L\u00c4S MER: <\/strong><a href=\"https:\/\/www.expressen.se\/sport\/hockey\/hockeyallsvenskan\/kaoset-i-ssk-accepterar-aldrig-det-fruktansvard-konsekvens\/\" class=\"premium-link\" rel=\"nofollow noopener\" target=\"_blank\">Premium Kaoset i SSK: \u201dAccepterar aldrig det \u2013 fruktansv\u00e4rd konsekvens\u201d<\/a><\/p>\n","protected":false},"excerpt":{"rendered":"Publicerad 27 dec 2025 kl 17.13Uppdaterad kl 18.21 Det ekonomiska l\u00e4get i S\u00f6dert\u00e4lje SK beskrivs som \u201danstr\u00e4ngt\u201d. I&hellip;\n","protected":false},"author":2,"featured_media":118613,"comment_status":"","ping_status":"","sticky":false,"template":"","format":"standard","meta":{"footnotes":""},"categories":[65],"tags":[72,70,71,1013,34,130,255,31,33,32,30],"class_list":{"0":"post-118612","1":"post","2":"type-post","3":"status-publish","4":"format-standard","5":"has-post-thumbnail","7":"category-ekonomi","8":"tag-business","9":"tag-economy","10":"tag-ekonomi","11":"tag-organization-sodertalje-sk","12":"tag-se","13":"tag-sections-allsvenskan","14":"tag-sections-ishockey","15":"tag-svenska","16":"tag-sverige","17":"tag-sweden","18":"tag-swedish"},"share_on_mastodon":{"url":"https:\/\/pubeurope.com\/@se\/115792832274397047","error":""},"_links":{"self":[{"href":"https:\/\/www.europesays.com\/se\/wp-json\/wp\/v2\/posts\/118612","targetHints":{"allow":["GET"]}}],"collection":[{"href":"https:\/\/www.europesays.com\/se\/wp-json\/wp\/v2\/posts"}],"about":[{"href":"https:\/\/www.europesays.com\/se\/wp-json\/wp\/v2\/types\/post"}],"author":[{"embeddable":true,"href":"https:\/\/www.europesays.com\/se\/wp-json\/wp\/v2\/users\/2"}],"replies":[{"embeddable":true,"href":"https:\/\/www.europesays.com\/se\/wp-json\/wp\/v2\/comments?post=118612"}],"version-history":[{"count":0,"href":"https:\/\/www.europesays.com\/se\/wp-json\/wp\/v2\/posts\/118612\/revisions"}],"wp:featuredmedia":[{"embeddable":true,"href":"https:\/\/www.europesays.com\/se\/wp-json\/wp\/v2\/media\/118613"}],"wp:attachment":[{"href":"https:\/\/www.europesays.com\/se\/wp-json\/wp\/v2\/media?parent=118612"}],"wp:term":[{"taxonomy":"category","embeddable":true,"href":"https:\/\/www.europesays.com\/se\/wp-json\/wp\/v2\/categories?post=118612"},{"taxonomy":"post_tag","embeddable":true,"href":"https:\/\/www.europesays.com\/se\/wp-json\/wp\/v2\/tags?post=118612"}],"curies":[{"name":"wp","href":"https:\/\/api.w.org\/{rel}","templated":true}]}}