{"id":118614,"date":"2025-12-27T18:03:14","date_gmt":"2025-12-27T18:03:14","guid":{"rendered":"https:\/\/www.europesays.com\/se\/118614\/"},"modified":"2025-12-27T18:03:14","modified_gmt":"2025-12-27T18:03:14","slug":"ostra-ryd-drabbat-av-stort-stromavbrott","status":"publish","type":"post","link":"https:\/\/www.europesays.com\/se\/118614\/","title":{"rendered":"\u00d6stra Ryd drabbat av stort str\u00f6mavbrott"},"content":{"rendered":"<p>Stormen Johannes drar fram \u00f6ver Sverige och har orsakat str\u00f6mavbrott p\u00e5 flera h\u00e5ll. Totalt \u00e4r n\u00e4stan 18\u202f000 Eon-kunder drabbade i landet, enligt bolagets driftinformation.Vid 13.40-tiden p\u00e5 l\u00f6rdagseftermiddagen slog ett st\u00f6rre avbrott till mot \u00d6stra Ryd. D\u00e4r f\u00e5r hush\u00e5llen r\u00e4kna med att vara utan el ett tag till.\u2013 Vi har en tekniker p\u00e5 v\u00e4g, och han kommer att vara p\u00e5 p<\/p>\n","protected":false},"excerpt":{"rendered":"Stormen Johannes drar fram \u00f6ver Sverige och har orsakat str\u00f6mavbrott p\u00e5 flera h\u00e5ll. Totalt \u00e4r n\u00e4stan 18\u202f000 Eon-kunder&hellip;\n","protected":false},"author":2,"featured_media":118615,"comment_status":"","ping_status":"","sticky":false,"template":"","format":"standard","meta":{"footnotes":""},"categories":[5],"tags":[22,23,26,27,17,21,24,25,28,29,15,16,18,34,31,33,32,30,19,20],"class_list":{"0":"post-118614","1":"post","2":"type-post","3":"status-publish","4":"format-standard","5":"has-post-thumbnail","7":"category-rubriker","8":"tag-breaking-news","9":"tag-breakingnews","10":"tag-featured-news","11":"tag-featurednews","12":"tag-headlines","13":"tag-huvudnyheter","14":"tag-latest-news","15":"tag-latestnews","16":"tag-main-news","17":"tag-mainnews","18":"tag-news","19":"tag-nyheter","20":"tag-rubriker","21":"tag-se","22":"tag-svenska","23":"tag-sverige","24":"tag-sweden","25":"tag-swedish","26":"tag-top-stories","27":"tag-topstories"},"share_on_mastodon":{"url":"https:\/\/pubeurope.com\/@se\/115792851969962983","error":""},"_links":{"self":[{"href":"https:\/\/www.europesays.com\/se\/wp-json\/wp\/v2\/posts\/118614","targetHints":{"allow":["GET"]}}],"collection":[{"href":"https:\/\/www.europesays.com\/se\/wp-json\/wp\/v2\/posts"}],"about":[{"href":"https:\/\/www.europesays.com\/se\/wp-json\/wp\/v2\/types\/post"}],"author":[{"embeddable":true,"href":"https:\/\/www.europesays.com\/se\/wp-json\/wp\/v2\/users\/2"}],"replies":[{"embeddable":true,"href":"https:\/\/www.europesays.com\/se\/wp-json\/wp\/v2\/comments?post=118614"}],"version-history":[{"count":0,"href":"https:\/\/www.europesays.com\/se\/wp-json\/wp\/v2\/posts\/118614\/revisions"}],"wp:featuredmedia":[{"embeddable":true,"href":"https:\/\/www.europesays.com\/se\/wp-json\/wp\/v2\/media\/118615"}],"wp:attachment":[{"href":"https:\/\/www.europesays.com\/se\/wp-json\/wp\/v2\/media?parent=118614"}],"wp:term":[{"taxonomy":"category","embeddable":true,"href":"https:\/\/www.europesays.com\/se\/wp-json\/wp\/v2\/categories?post=118614"},{"taxonomy":"post_tag","embeddable":true,"href":"https:\/\/www.europesays.com\/se\/wp-json\/wp\/v2\/tags?post=118614"}],"curies":[{"name":"wp","href":"https:\/\/api.w.org\/{rel}","templated":true}]}}