{"id":118616,"date":"2025-12-27T18:05:15","date_gmt":"2025-12-27T18:05:15","guid":{"rendered":"https:\/\/www.europesays.com\/se\/118616\/"},"modified":"2025-12-27T18:05:15","modified_gmt":"2025-12-27T18:05:15","slug":"svenska-langdstjarnorna-nobbar-idrottsgalan-2026","status":"publish","type":"post","link":"https:\/\/www.europesays.com\/se\/118616\/","title":{"rendered":"Svenska l\u00e4ngdstj\u00e4rnorna nobbar Idrottsgalan 2026"},"content":{"rendered":"<p>Andersson: \u201dInte st\u00e4ngt d\u00f6rren helt\u201d<img decoding=\"async\" class=\"image-asset hyperion-css-n6kkq1\" data-test-tag=\"image-asset\" src=\"https:\/\/www.europesays.com\/se\/wp-content\/uploads\/2025\/12\/1766858710_611_7880ed3d-dabd-4b99-9571-acf16c8f31e9\"  alt=\"\"  loading=\"lazy\" fetchpriority=\"auto\" style=\"aspect-ratio:1900 \/ 1900\"\/><img decoding=\"async\" class=\"image-asset hyperion-css-n6kkq1\" data-test-tag=\"image-asset\" src=\"https:\/\/www.europesays.com\/se\/wp-content\/uploads\/2025\/12\/1766858711_863_a4ff5eb2-1f2f-4f66-b6a5-9fa391183945\"  alt=\"\"  loading=\"lazy\" fetchpriority=\"auto\" style=\"aspect-ratio:1900 \/ 1900\"\/><\/p>\n<p class=\"boxtextgrotesk-root_baa6 hyperion-css-1w346fg\">Uppdaterad 18.49 | Publicerad 18.28<\/p>\n<p>share-arrowDela<\/p>\n<p>unsaveSpara<\/p>\n<p>Lyssna p\u00e5 artikelnLyssna p\u00e5&#8230;<\/p>\n<p class=\"hyperion-css-1shl3oz\" data-test-tag=\"lead-text\">TOBLACH. Idrottsgalan 2026 \u00e4ger rum i januari.<\/p>\n<p class=\"hyperion-css-1shl3oz\" data-test-tag=\"lead-text\">Men det blir utan svenska l\u00e4ngdstj\u00e4rnor p\u00e5 plats.<\/p>\n<p class=\"hyperion-css-1shl3oz\" data-test-tag=\"lead-text\">\u2013 Dit kommer inga \u00e5kare tyv\u00e4rr, s\u00e4ger landslagschefen Anders Bystr\u00f6m till Sportbladet.<\/p>\n<p><img decoding=\"async\" src=\"https:\/\/www.europesays.com\/se\/wp-content\/uploads\/2025\/12\/7d05ca52b1246bf5a89153465c08324e.jpg\" class=\"thumbnail-image_fbfd thumbnail-portrait_fbfd\" alt=\"\u201dTyv\u00e4rr, det blir nog inget\u201d \u2013 missar idrottsgalan\"\/><\/p>\n<p>\u201dTyv\u00e4rr, det blir nog inget\u201d \u2013 missar idrottsgalan<\/p>\n<p>1:00<\/p>\n<p class=\"hyperion-css-1v9qo5x\">Den 21 januari ska Sveriges fr\u00e4msta idrottare prisas p\u00e5 Idrottsgalan.<\/p>\n<p class=\"hyperion-css-1v9qo5x\">Men flera svenska l\u00e4ngdstj\u00e4rnor kommer inte att n\u00e4rvara. Det bekr\u00e4ftar nu landslagschefen <a data-test-tag=\"internal-link\" href=\"https:\/\/www.aftonbladet.se\/tagg\/anders-bystrom\" class=\"hyperion-css-15jkft9\" rel=\"nofollow noopener\" target=\"\" aria-label=\"Anders Bystr\u00f6m\" theme=\"sportbladet\">Anders Bystr\u00f6m<\/a>.<\/p>\n<p>expand-left<\/p>\n<p>helsk\u00e4rm<img decoding=\"async\" class=\"image-asset hyperion-css-u06ts1\" data-test-tag=\"image-asset\" src=\"https:\/\/www.europesays.com\/se\/wp-content\/uploads\/2025\/12\/db7e40ff-4eb3-4e8d-8e30-5c5db691caee\"  alt=\"Anders Bystr\u00f6m.\"  loading=\"eager\" fetchpriority=\"high\" style=\"aspect-ratio:1900 \/ 1267\"\/>Anders Bystr\u00f6m. Foto: Pontus Orre<\/p>\n<p class=\"hyperion-css-1v9qo5x\">\u2013 Det \u00e4r synd, men s\u00e5 f\u00e5r det vara. Det \u00e4r alldeles f\u00f6r n\u00e4ra OS och en f\u00f6r stor risk (att bli smittade). Det f\u00e5r v\u00e4l vara n\u00e5gra andra d\u00e4r som \u00e4r mindre k\u00e4nsliga, som kan representera \u00e5karna, s\u00e4ger han och forts\u00e4tter:<\/p>\n<p class=\"hyperion-css-1v9qo5x\">\u2013 Nej, det vore inte bra att rekommendera de att \u00e5ka dit faktiskt.<\/p>\n<p class=\"hyperion-css-1v9qo5x\"><strong>Stoppar ni dem rent av?<\/strong><\/p>\n<p class=\"hyperion-css-1v9qo5x\">\u2013 Nej, men ingen har sagt att de vill heller. Eller vill vill de kanske, men hade det inte varit en OS-s\u00e4song s\u00e5 absolut. OS \u00e4r vart fj\u00e4rde \u00e5r s\u00e5 den risken vill man inte ta.<\/p>\n<p>\u201dHade varit kul att kunna g\u00e5\u201d<\/p>\n<p class=\"hyperion-css-1v9qo5x\"><a data-test-tag=\"internal-link\" href=\"https:\/\/www.aftonbladet.se\/tagg\/frida-karlsson\" class=\"hyperion-css-15jkft9\" rel=\"nofollow noopener\" target=\"\" aria-label=\"Frida Karlsson\" theme=\"sportbladet\">Frida Karlsson<\/a> meddelar att hon f\u00f6rmodligen kommer vara p\u00e5 h\u00f6gh\u00f6jdsl\u00e4ger f\u00f6r att tr\u00e4na n\u00e4r galan \u00e4ger rum.<\/p>\n<p>expand-left<\/p>\n<p>helsk\u00e4rm<img decoding=\"async\" class=\"image-asset hyperion-css-u06ts1\" data-test-tag=\"image-asset\" src=\"https:\/\/www.europesays.com\/se\/wp-content\/uploads\/2025\/12\/6a17a53b-c4c2-4a32-ac59-bce91f517b9a\"  alt=\"Frida Karlsson.\"  loading=\"eager\" fetchpriority=\"high\" style=\"aspect-ratio:1900 \/ 1267\"\/>Frida Karlsson. Foto: Johan Axelsson \/ Bildbyr\u00e5n<\/p>\n<p class=\"hyperion-css-1v9qo5x\">\u2013 Det blir ingen idrottsgala f\u00f6r mig, s\u00e4ger hon till Sportbladet och forts\u00e4tter:<\/p>\n<p class=\"hyperion-css-1v9qo5x\">\u2013 Det hade varit kul att kunna g\u00e5 n\u00e5got \u00e5r. Det \u00e4r kul att f\u00e5 tr\u00e4ffa andra idrottare, det \u00e4r inte s\u00e5 ofta man f\u00e5r m\u00f6jlighet till det.<\/p>\n<p>\u201dFinns n\u00e5gra f\u00e5 procent som talar f\u00f6r det\u201d<\/p>\n<p class=\"hyperion-css-1v9qo5x\"><a data-test-tag=\"internal-link\" href=\"https:\/\/www.aftonbladet.se\/tagg\/ebba-andersson\" class=\"hyperion-css-15jkft9\" rel=\"nofollow noopener\" target=\"\" aria-label=\"Ebba Andersson\" theme=\"sportbladet\">Ebba Andersson<\/a> st\u00e4nger dock inte d\u00f6rren helt.<\/p>\n<p>expand-left<\/p>\n<p>helsk\u00e4rm<img decoding=\"async\" class=\"image-asset hyperion-css-u06ts1\" data-test-tag=\"image-asset\" src=\"https:\/\/www.europesays.com\/se\/wp-content\/uploads\/2025\/12\/8276a826-ab2e-4fa8-a709-d084964ad211\"  alt=\"Ebba Andersson var inte p\u00e5 plats n\u00e4r hon vann Jerringpriset 2024.\"  loading=\"eager\" fetchpriority=\"high\" style=\"aspect-ratio:1900 \/ 1267\"\/>Ebba Andersson var inte p\u00e5 plats n\u00e4r hon vann Jerringpriset 2024. Foto: Simon Hasteg\u00e5rd \/ Bildbyr\u00e5n<\/p>\n<p class=\"hyperion-css-1v9qo5x\">\u2013 Jag har v\u00e4l inte hundra best\u00e4mt mig, ska jag vara \u00e4rlig att s\u00e4ga. Det lutar mer \u00e5t att f\u00f6lja det fr\u00e5n tv-soffan, \u00e4nnu en g\u00e5ng. Det \u00e4r det som \u00e4r lite synd med att vi verkligen har h\u00f6gs\u00e4song n\u00e4r det \u00e4r dags f\u00f6r galan. Och att det \u00e4ven \u00e4r kort till OS. Galan \u00e4r kanske inte h\u00f6gsta prioritet f\u00f6r oss, s\u00e4ger hon.<\/p>\n<p class=\"hyperion-css-1v9qo5x\">Andersson forts\u00e4tter:<\/p>\n<p class=\"hyperion-css-1v9qo5x\">\u2013 Det kommer nog vara ganska mycket annat som \u00e4r huvudprioritet d\u00e5. Men jag har inte st\u00e4ngt d\u00f6rren helt. Det finns n\u00e5gra f\u00e5 procent som talar f\u00f6r det.<\/p>\n<p class=\"hyperion-css-1v9qo5x\">Det svenska l\u00e4ngdlandslaget \u00e4r nu p\u00e5 plats i Toblach f\u00f6r Tour de Ski. Redan i morgon s\u00f6ndag inleds t\u00e4vlingarna, med sprint i fristil.<\/p>\n<p class=\"hyperion-css-1v9qo5x\">Tour de Ski p\u00e5g\u00e5r mellan 28 december till 4 januari.<\/p>\n","protected":false},"excerpt":{"rendered":"Andersson: \u201dInte st\u00e4ngt d\u00f6rren helt\u201d Uppdaterad 18.49 | Publicerad 18.28 share-arrowDela unsaveSpara Lyssna p\u00e5 artikelnLyssna p\u00e5&#8230; TOBLACH. Idrottsgalan&hellip;\n","protected":false},"author":2,"featured_media":118617,"comment_status":"","ping_status":"","sticky":false,"template":"","format":"standard","meta":{"footnotes":""},"categories":[68],"tags":[34,111,110,31,33,32,30],"class_list":{"0":"post-118616","1":"post","2":"type-post","3":"status-publish","4":"format-standard","5":"has-post-thumbnail","7":"category-sport","8":"tag-se","9":"tag-sport","10":"tag-sports","11":"tag-svenska","12":"tag-sverige","13":"tag-sweden","14":"tag-swedish"},"share_on_mastodon":{"url":"https:\/\/pubeurope.com\/@se\/115792860108681315","error":""},"_links":{"self":[{"href":"https:\/\/www.europesays.com\/se\/wp-json\/wp\/v2\/posts\/118616","targetHints":{"allow":["GET"]}}],"collection":[{"href":"https:\/\/www.europesays.com\/se\/wp-json\/wp\/v2\/posts"}],"about":[{"href":"https:\/\/www.europesays.com\/se\/wp-json\/wp\/v2\/types\/post"}],"author":[{"embeddable":true,"href":"https:\/\/www.europesays.com\/se\/wp-json\/wp\/v2\/users\/2"}],"replies":[{"embeddable":true,"href":"https:\/\/www.europesays.com\/se\/wp-json\/wp\/v2\/comments?post=118616"}],"version-history":[{"count":0,"href":"https:\/\/www.europesays.com\/se\/wp-json\/wp\/v2\/posts\/118616\/revisions"}],"wp:featuredmedia":[{"embeddable":true,"href":"https:\/\/www.europesays.com\/se\/wp-json\/wp\/v2\/media\/118617"}],"wp:attachment":[{"href":"https:\/\/www.europesays.com\/se\/wp-json\/wp\/v2\/media?parent=118616"}],"wp:term":[{"taxonomy":"category","embeddable":true,"href":"https:\/\/www.europesays.com\/se\/wp-json\/wp\/v2\/categories?post=118616"},{"taxonomy":"post_tag","embeddable":true,"href":"https:\/\/www.europesays.com\/se\/wp-json\/wp\/v2\/tags?post=118616"}],"curies":[{"name":"wp","href":"https:\/\/api.w.org\/{rel}","templated":true}]}}