{"id":118620,"date":"2025-12-27T18:09:03","date_gmt":"2025-12-27T18:09:03","guid":{"rendered":"https:\/\/www.europesays.com\/se\/118620\/"},"modified":"2025-12-27T18:09:03","modified_gmt":"2025-12-27T18:09:03","slug":"experten-om-rusande-guldpriset-varlden-mar-inte-bra","status":"publish","type":"post","link":"https:\/\/www.europesays.com\/se\/118620\/","title":{"rendered":"Experten om rusande guldpriset: \u201dV\u00e4rlden m\u00e5r inte bra\u201d"},"content":{"rendered":"<p><strong>I b\u00f6rjan av veckan <\/strong>n\u00e5dde guldpriset en ny rekordniv\u00e5 p\u00e5 \u00a0\u00f6ver 4.500 dollar per uns. Men \u00e4ven silverpriset slog rekord och drog med sig andra metaller som platina, palladium och koppar i uppg\u00e5ngen.\u00a0<\/p>\n<p>Bakom lyftet ligger flera faktorer varav det geopolitiska l\u00e4get med Ukrainakriget i fokus \u00e4r det viktigaste, enligt Robert Bergqvist.\u00a0<\/p>\n<p>\u201dGuldpriset b\u00f6rjade rusa n\u00e4r Ryssland invaderade Ukraina 2022, det \u00e4r v\u00e4ldigt tydligt att det tar fart d\u00e4r. Min f\u00f6rklaring \u00e4r att det \u00e4r mycket drivet av centralbankerna som \u00f6kat sitt intresse f\u00f6r att \u00e4ga guld och l\u00e4gger det i sina valutareserver. Ett antal l\u00e4nder \u00e4r r\u00e4dda f\u00f6r att hamna i samma sits som den ryska centralbanken, med frysta tillg\u00e5ngar och sanktioner.\u201d<\/p>\n<p><strong>Ett exempel \u00e4r Kina<\/strong> som har en stor del av sin valutareserv, motsvarande cirka 2.000 miljarder dollar, i amerikanska tillg\u00e5ngar.<\/p>\n<p>\u201dDet ryktas kring att Kina agerar p\u00e5 guldmarknaden f\u00f6r att g\u00f6ra sig mindre beroende av omv\u00e4rlden. Men vi ser ocks\u00e5 andra centralbanker som agerar p\u00e5 det h\u00e4r s\u00e4ttet\u201d, s\u00e4ger han.<\/p>\n<p><strong>Den andra stora<\/strong> faktorn som driver metallpriserna \u00e4r den amerikanska centralbankens s\u00e4nkningar av styrr\u00e4ntan, enligt Bergqvist.<\/p>\n<p>\u201dGuldet har ju nackdelen att du f\u00e5r ingen l\u00f6pande avkastning i form av r\u00e4nta. S\u00e5 r\u00e4ntan \u00e4r en konkurrent till guldet \u2013 ju h\u00f6gre r\u00e4nta desto mindre attraktivt blir guldet. N\u00e4r den viktigaste r\u00e4ntan i v\u00e4rlden g\u00e5r ner, d\u00e5 minskar guldets relativa nackdel mot en r\u00e4nteb\u00e4rande tillg\u00e5ng.\u201d<\/p>\n<p><strong>En kvardr\u00f6jande oro <\/strong>\u00f6ver inflationen g\u00f6r ocks\u00e5 att m\u00e5nga ser guld som en inflationss\u00e4kring som beh\u00e5ller sitt v\u00e4rde. Dessutom finns en liten misstro mot det monet\u00e4ra systemet, enligt honom:<\/p>\n<p>\u201dDen \u00e4r ingen stor faktor men den finns i bakgrunden. Den har drivits av minusr\u00e4ntor, h\u00f6ga offentliga skulder och andra ekonomiska experiment de senaste \u00e5ren.\u201d<\/p>\n<p><strong>Den dramatiska uppg\u00e5ngen<\/strong> av guldpriset har samtidigt v\u00e4ckt oro f\u00f6r en bubbla \u2013 och d\u00e5 kan andra metaller fungera som substitut vilket driver upp priserna \u00e4ven p\u00e5 dessa.<\/p>\n<p>M\u00e5nga tror att utvecklingen kommer h\u00e5lla i sig under 2026.<\/p>\n","protected":false},"excerpt":{"rendered":"I b\u00f6rjan av veckan n\u00e5dde guldpriset en ny rekordniv\u00e5 p\u00e5 \u00a0\u00f6ver 4.500 dollar per uns. Men \u00e4ven silverpriset&hellip;\n","protected":false},"author":2,"featured_media":118621,"comment_status":"","ping_status":"","sticky":false,"template":"","format":"standard","meta":{"footnotes":""},"categories":[65],"tags":[72,70,71,34,31,33,32,30],"class_list":{"0":"post-118620","1":"post","2":"type-post","3":"status-publish","4":"format-standard","5":"has-post-thumbnail","7":"category-ekonomi","8":"tag-business","9":"tag-economy","10":"tag-ekonomi","11":"tag-se","12":"tag-svenska","13":"tag-sverige","14":"tag-sweden","15":"tag-swedish"},"share_on_mastodon":{"url":"https:\/\/pubeurope.com\/@se\/115792875527025489","error":""},"_links":{"self":[{"href":"https:\/\/www.europesays.com\/se\/wp-json\/wp\/v2\/posts\/118620","targetHints":{"allow":["GET"]}}],"collection":[{"href":"https:\/\/www.europesays.com\/se\/wp-json\/wp\/v2\/posts"}],"about":[{"href":"https:\/\/www.europesays.com\/se\/wp-json\/wp\/v2\/types\/post"}],"author":[{"embeddable":true,"href":"https:\/\/www.europesays.com\/se\/wp-json\/wp\/v2\/users\/2"}],"replies":[{"embeddable":true,"href":"https:\/\/www.europesays.com\/se\/wp-json\/wp\/v2\/comments?post=118620"}],"version-history":[{"count":0,"href":"https:\/\/www.europesays.com\/se\/wp-json\/wp\/v2\/posts\/118620\/revisions"}],"wp:featuredmedia":[{"embeddable":true,"href":"https:\/\/www.europesays.com\/se\/wp-json\/wp\/v2\/media\/118621"}],"wp:attachment":[{"href":"https:\/\/www.europesays.com\/se\/wp-json\/wp\/v2\/media?parent=118620"}],"wp:term":[{"taxonomy":"category","embeddable":true,"href":"https:\/\/www.europesays.com\/se\/wp-json\/wp\/v2\/categories?post=118620"},{"taxonomy":"post_tag","embeddable":true,"href":"https:\/\/www.europesays.com\/se\/wp-json\/wp\/v2\/tags?post=118620"}],"curies":[{"name":"wp","href":"https:\/\/api.w.org\/{rel}","templated":true}]}}