{"id":118624,"date":"2025-12-27T18:14:21","date_gmt":"2025-12-27T18:14:21","guid":{"rendered":"https:\/\/www.europesays.com\/se\/118624\/"},"modified":"2025-12-27T18:14:21","modified_gmt":"2025-12-27T18:14:21","slug":"axel-andersson-klev-av-i-brynas-forlust-mot-timra-shl","status":"publish","type":"post","link":"https:\/\/www.europesays.com\/se\/118624\/","title":{"rendered":"Axel Andersson klev av i Bryn\u00e4s f\u00f6rlust mot Timr\u00e5 | SHL"},"content":{"rendered":"<p>Publicerad 26 dec 2025 kl 20.11Uppdaterad kl 21.05<\/p>\n<p>Timr\u00e5 tog tre viktiga po\u00e4ng hemma mot Bryn\u00e4s.<\/p>\n<p>Slutligen blev det 2\u20130 f\u00f6r Timr\u00e5 samtidigt som Bryn\u00e4s \u00e5kte p\u00e5 en ny, befarad backskada.<\/p>\n<p>\u2013 Det s\u00e5g inte j\u00e4ttebra ut, s\u00e4ger Bryn\u00e4s huvudtr\u00e4nare Niklas G\u00e4llstedt.<\/p>\n<p><img   alt=\"\"\/> <\/p>\n<p>Foto: P\u00c4R OLERT \/ BILDBYR\u00c5N<\/p>\n<p>\u00d6ppna bild i helsk\u00e4rm<\/p>\n<p>Timr\u00e5 tog tidigt kommandot mot Bryn\u00e4s i annandagsm\u00f6tet.<\/p>\n<p>Efter att ha pressat p\u00e5 i inledningen av den f\u00f6rsta perioden kom ocks\u00e5 ledningsm\u00e5let f\u00f6r Timr\u00e5 n\u00e4r Simon Forsmark fick in pucken i power play.<\/p>\n<p>Bryn\u00e4s slet d\u00e4refter f\u00f6r en kvittering, men hade sv\u00e5rt att skapa n\u00e5gra riktigt farliga l\u00e4gen offensivt.<\/p>\n<p>Med drygt \u00e5tta minuter kvar av ordinarie tid kom ocks\u00e5 2\u20130 f\u00f6r Timr\u00e5 genom Marcus Westf\u00e4lt och trots att Bryn\u00e4s pressade p\u00e5 rej\u00e4lt i slutminuterna kom laget aldrig n\u00e4rmre.<\/p>\n<p>Inte nog med att det blev f\u00f6rlust f\u00f6r Bryn\u00e4s s\u00e5 \u00e5kte G\u00e4vlelaget ocks\u00e5 p\u00e5 en ny skadesm\u00e4ll.<\/p>\n<p>Baken Axel Andersson klev av redan i den f\u00f6rsta perioden. Han noterades endast f\u00f6r fem minuters istid.<\/p>\n<p>\u2013 Han gjorde illa sig. Han \u00e5kte p\u00e5 en tackling. Vi f\u00e5r avvakta morgondagen. Det \u00e4r sv\u00e5rt att s\u00e4ga n\u00e5got s\u00e5 h\u00e4r direkt efter\u00e5t. Det s\u00e5g inte j\u00e4ttebra ut, s\u00e4ger Bryn\u00e4s huvudtr\u00e4nare Niklas G\u00e4llstedt.<\/p>\n<p><strong>Kan han missa \u00e4ven n\u00e4sta match?<\/strong><\/p>\n<p>\u2013 Ingen aning.<\/p>\n<p>Svaret om \u201dB\u00e4ckis\u201d<\/p>\n<p>P\u00e5 backsidan har Bryn\u00e4s sedan tidigare Michal Kempny p\u00e5 skadelistan. Christian Djoos har ocks\u00e5 meddelats att han blir borta resten av s\u00e4songen, sedan han genomg\u00e5tt en h\u00f6ftoperation.<\/p>\n<p>I m\u00f6tet med Timr\u00e5 saknades ocks\u00e5 Bryn\u00e4s storstj\u00e4rna Nicklas B\u00e4ckstr\u00f6m.<\/p>\n<p>\u2013 Han \u00e4r lite dag f\u00f6r dag. Han har k\u00f6rt rehab i dag och vi hoppas att han \u00e4r tillbaka till n\u00e4sta match, s\u00e4ger G\u00e4llstedt om \u201dB\u00e4ckis\u201d och forts\u00e4tter:<\/p>\n<p>\u2013 Vi hoppas ocks\u00e5 att Kempny \u00e4r tillbaka till n\u00e4sta match.<\/p>\n<p>Timr\u00e5tr\u00e4naren Tommy Samuelsson var n\u00f6jd efter segern.<\/p>\n<p>\u2013 Det \u00e4r en k\u00e4nslom\u00e4ssigt bra hockeymatch fr\u00e5n b\u00e4gge parter. Det h\u00e4nder saker ute p\u00e5 isen. Jag tycker det \u00e4r h\u00e4ftigt, s\u00e4ger Samuelsson.<\/p>\n","protected":false},"excerpt":{"rendered":"Publicerad 26 dec 2025 kl 20.11Uppdaterad kl 21.05 Timr\u00e5 tog tre viktiga po\u00e4ng hemma mot Bryn\u00e4s. Slutligen blev&hellip;\n","protected":false},"author":2,"featured_media":118625,"comment_status":"","ping_status":"","sticky":false,"template":"","format":"standard","meta":{"footnotes":""},"categories":[68],"tags":[824,2154,34,255,823,111,110,31,33,32,30],"class_list":{"0":"post-118624","1":"post","2":"type-post","3":"status-publish","4":"format-standard","5":"has-post-thumbnail","7":"category-sport","8":"tag-organization-brynas-if","9":"tag-organization-timra-ik","10":"tag-se","11":"tag-sections-ishockey","12":"tag-sections-shl","13":"tag-sport","14":"tag-sports","15":"tag-svenska","16":"tag-sverige","17":"tag-sweden","18":"tag-swedish"},"share_on_mastodon":{"url":"https:\/\/pubeurope.com\/@se\/115792895420041161","error":""},"_links":{"self":[{"href":"https:\/\/www.europesays.com\/se\/wp-json\/wp\/v2\/posts\/118624","targetHints":{"allow":["GET"]}}],"collection":[{"href":"https:\/\/www.europesays.com\/se\/wp-json\/wp\/v2\/posts"}],"about":[{"href":"https:\/\/www.europesays.com\/se\/wp-json\/wp\/v2\/types\/post"}],"author":[{"embeddable":true,"href":"https:\/\/www.europesays.com\/se\/wp-json\/wp\/v2\/users\/2"}],"replies":[{"embeddable":true,"href":"https:\/\/www.europesays.com\/se\/wp-json\/wp\/v2\/comments?post=118624"}],"version-history":[{"count":0,"href":"https:\/\/www.europesays.com\/se\/wp-json\/wp\/v2\/posts\/118624\/revisions"}],"wp:featuredmedia":[{"embeddable":true,"href":"https:\/\/www.europesays.com\/se\/wp-json\/wp\/v2\/media\/118625"}],"wp:attachment":[{"href":"https:\/\/www.europesays.com\/se\/wp-json\/wp\/v2\/media?parent=118624"}],"wp:term":[{"taxonomy":"category","embeddable":true,"href":"https:\/\/www.europesays.com\/se\/wp-json\/wp\/v2\/categories?post=118624"},{"taxonomy":"post_tag","embeddable":true,"href":"https:\/\/www.europesays.com\/se\/wp-json\/wp\/v2\/tags?post=118624"}],"curies":[{"name":"wp","href":"https:\/\/api.w.org\/{rel}","templated":true}]}}