{"id":118626,"date":"2025-12-27T18:15:09","date_gmt":"2025-12-27T18:15:09","guid":{"rendered":"https:\/\/www.europesays.com\/se\/118626\/"},"modified":"2025-12-27T18:15:09","modified_gmt":"2025-12-27T18:15:09","slug":"lotta-engberg-om-vanskapen-efter-stjarnorna-pa-slottet","status":"publish","type":"post","link":"https:\/\/www.europesays.com\/se\/118626\/","title":{"rendered":"Lotta Engberg om v\u00e4nskapen efter Stj\u00e4rnorna p\u00e5 slottet."},"content":{"rendered":"<p>Publicerad 27 dec 2025 kl 18.57<\/p>\n<p>\u201dStj\u00e4rnorna p\u00e5 slottet\u201d kom varandra ovanligt n\u00e4ra.\u00a0<\/p>\n<p>N\u00e4r Sarah Sj\u00f6str\u00f6m fick barn var det som att de andra fick ett barnbarn.\u00a0<\/p>\n<p>Lotta Engberg fick se nya sidor av v\u00e4nnen Lasse Kron\u00e9r.<\/p>\n<p>\u2013 Jag trodde jag k\u00e4nde honom, s\u00e4ger hon.<\/p>\n<p><img   alt=\"\"\/><\/p>\n<p>Lotta Engbergs dag inleder nya s\u00e4songen.<\/p>\n<p>Foto: SVT<\/p>\n<p>\u00d6ppna bild i helsk\u00e4rm<img loading=\"lazy\"   alt=\"\"\/><\/p>\n<p>\u00c5rets deltagare: Johan Hedenberg, Martin \u201dE-type\u201d Eriksson, Lotta Engberg, Sarah Sj\u00f6str\u00f6m och Lasse Kron\u00e9r.<\/p>\n<p>Foto: Christoffer Lomfors \/ SVT<\/p>\n<p>\u00d6ppna bild i helsk\u00e4rm<img loading=\"lazy\"   alt=\"\"\/><\/p>\n<p>Lasse Kron\u00e9r och Lotta Engberg har k\u00e4nt varandra sedan 1988. Bilden \u00e4r tagen 2003.<\/p>\n<p>Foto: MATTIAS BARD\u00c5<\/p>\n<p>\u00d6ppna bild i helsk\u00e4rm<\/p>\n<p>Programledaren Lotta Engberg, 62, \u00e4r f\u00f6rst ut att ber\u00e4tta sin livshistoria i premi\u00e4ren av \u201d<a href=\"https:\/\/www.expressen.se\/tagg\/organization\/stjarnorna-pa-slottet\/\" class=\"\" rel=\"nofollow noopener\" target=\"_blank\">Stj\u00e4rnorna p\u00e5 slottet<\/a>\u201d. Hon har f\u00e5tt fr\u00e5gan om att medverka \u00e5r efter \u00e5r.<\/p>\n<p>\u2013 N\u00e4r man kommer upp i en viss \u00e5lder kan jag k\u00e4nna att det kan vara lite sk\u00f6nt att ta en liten paus och t\u00e4nka tillbaka p\u00e5 ens liv, s\u00e4ger hon.<\/p>\n<p>I s\u00e4songen f\u00e5r hon s\u00e4llskap av Lasse Kron\u00e9r, 63, Martin \u201dE-type\u201d Erikson, 60, Johan Hedenberg, 71 och Sarah Sj\u00f6str\u00f6m, 31.<\/p>\n<p>Kom varandra n\u00e4ra<\/p>\n<p>Programmet har genom \u00e5ren f\u00e5tt uppm\u00e4rksamhet f\u00f6r att det uppst\u00e5tt obekv\u00e4ma situationer och dispyter mellan deltagarna.\u00a0<\/p>\n<p>Men n\u00e5got s\u00e5dant kommer inte tittarna f\u00e5 se i \u00e5r, ber\u00e4ttar Engberg. Tv\u00e4rt om.\u00a0<\/p>\n<p>Stj\u00e4rnorna kom varandra v\u00e4ldigt n\u00e4ra ovanligt snabbt.<\/p>\n<p>\u2013 Vet du vad vi sa hela tiden? Precis hela tiden h\u00f6ll vi p\u00e5 att tjata om \u201dVi m\u00e5ste vara det mest sammansvetsade g\u00e4nget som har varit n\u00e5got \u00e5r\u201d, s\u00e4ger Engberg.<\/p>\n<p>N\u00e5got som hon ocks\u00e5 menar fick medh\u00e5ll fr\u00e5n personal som jobbat flera s\u00e4songer.<\/p>\n<p>Ser Sj\u00f6str\u00f6ms son som sitt barnbarn<\/p>\n<p>V\u00e4nskapen best\u00e5r \u00e4ven efter programmet, bland annat i form av en gruppchatt d\u00e4r de h\u00e5ller varandra uppdaterade om sina liv.\u00a0<\/p>\n<p>\u2013 Vi \u00e4r ju fyra stycken som har f\u00e5tt barnbarn under den h\u00e4r tiden, s\u00e4ger hon och syftar p\u00e5 att Sarah Sj\u00f6str\u00f6m, som var gravid n\u00e4r programmet spelades in, fick sonen Adrian i augusti.<\/p>\n<p>Fick se nya sidor av v\u00e4nnen<\/p>\n<p>Engberg tror att det \u00e4r just programmets uppl\u00e4gg d\u00e4r man ost\u00f6rt f\u00e5r ber\u00e4tta sin historia som g\u00f6r att det g\u00e5r s\u00e5 snabbt att komma varandra n\u00e4ra.<\/p>\n<p>\u2013 Lasse Kron\u00e9r och jag har k\u00e4nt varann sen 1988. Jag trodde jag k\u00e4nde honom. Men man pratar inte p\u00e5 det s\u00e4ttet n\u00e4r man l\u00e4r k\u00e4nna m\u00e4nniskor, s\u00e4ger hon och forts\u00e4tter:<\/p>\n<p>\u2013 Vi har varit p\u00e5 turn\u00e9 ihop, men det spelar ingen roll f\u00f6r man har inte l\u00e4rt k\u00e4nna den delen, eller alla delar av en person. Det h\u00e4r skulle man egentligen g\u00f6ra med med sina barnbarn och med polare. <\/p>\n","protected":false},"excerpt":{"rendered":"Publicerad 27 dec 2025 kl 18.57 \u201dStj\u00e4rnorna p\u00e5 slottet\u201d kom varandra ovanligt n\u00e4ra.\u00a0 N\u00e4r Sarah Sj\u00f6str\u00f6m fick barn&hellip;\n","protected":false},"author":2,"featured_media":118627,"comment_status":"","ping_status":"","sticky":false,"template":"","format":"standard","meta":{"footnotes":""},"categories":[67],"tags":[104,12652,34,31,33,32,30,646,105],"class_list":{"0":"post-118626","1":"post","2":"type-post","3":"status-publish","4":"format-standard","5":"has-post-thumbnail","7":"category-underhallning","8":"tag-entertainment","9":"tag-organization-stjarnorna-pa-slottet","10":"tag-se","11":"tag-svenska","12":"tag-sverige","13":"tag-sweden","14":"tag-swedish","15":"tag-topic-tv-serier","16":"tag-underhallning"},"share_on_mastodon":{"url":"https:\/\/pubeurope.com\/@se\/115792899200059761","error":""},"_links":{"self":[{"href":"https:\/\/www.europesays.com\/se\/wp-json\/wp\/v2\/posts\/118626","targetHints":{"allow":["GET"]}}],"collection":[{"href":"https:\/\/www.europesays.com\/se\/wp-json\/wp\/v2\/posts"}],"about":[{"href":"https:\/\/www.europesays.com\/se\/wp-json\/wp\/v2\/types\/post"}],"author":[{"embeddable":true,"href":"https:\/\/www.europesays.com\/se\/wp-json\/wp\/v2\/users\/2"}],"replies":[{"embeddable":true,"href":"https:\/\/www.europesays.com\/se\/wp-json\/wp\/v2\/comments?post=118626"}],"version-history":[{"count":0,"href":"https:\/\/www.europesays.com\/se\/wp-json\/wp\/v2\/posts\/118626\/revisions"}],"wp:featuredmedia":[{"embeddable":true,"href":"https:\/\/www.europesays.com\/se\/wp-json\/wp\/v2\/media\/118627"}],"wp:attachment":[{"href":"https:\/\/www.europesays.com\/se\/wp-json\/wp\/v2\/media?parent=118626"}],"wp:term":[{"taxonomy":"category","embeddable":true,"href":"https:\/\/www.europesays.com\/se\/wp-json\/wp\/v2\/categories?post=118626"},{"taxonomy":"post_tag","embeddable":true,"href":"https:\/\/www.europesays.com\/se\/wp-json\/wp\/v2\/tags?post=118626"}],"curies":[{"name":"wp","href":"https:\/\/api.w.org\/{rel}","templated":true}]}}