{"id":118630,"date":"2025-12-27T18:18:08","date_gmt":"2025-12-27T18:18:08","guid":{"rendered":"https:\/\/www.europesays.com\/se\/118630\/"},"modified":"2025-12-27T18:18:08","modified_gmt":"2025-12-27T18:18:08","slug":"polen-starker-gransen-med-dronarforsvar-for-miljarder","status":"publish","type":"post","link":"https:\/\/www.europesays.com\/se\/118630\/","title":{"rendered":"Polen st\u00e4rker gr\u00e4nsen med dr\u00f6narf\u00f6rsvar f\u00f6r miljarder"},"content":{"rendered":"<p>Polen ska f\u00f6rst\u00e4rka sin \u00f6stra gr\u00e4ns med antidr\u00f6narf\u00f6rsvar f\u00f6r motsvarande \u00f6ver 20 miljarder kronor, uppger bitr\u00e4dande f\u00f6rsvarsminister Cezary Tomczyk f\u00f6r The Guardian.<\/p>\n<p>\u2013 Vi f\u00f6rv\u00e4ntar oss att ha de f\u00f6rsta komponenterna p\u00e5 plats om runt sex m\u00e5nader, kanske tidigare, och hela systemet om tv\u00e5 \u00e5r.<\/p>\n<p>Dr\u00f6narf\u00f6rsvaret ska bland annat innefatta skjutvapen, robotar och signalst\u00f6rning, enligt Tomczyk.<\/p>\n<p>I september fl\u00f6g ett tiotal misst\u00e4nkt ryska dr\u00f6nare in i polskt luftrum, vilket ledde till st\u00e4ngda flygplatser, insatser med stridsflyg och skador p\u00e5 marken n\u00e4r de sk\u00f6ts ner. Utrikesminister Radoslaw Sikorski beskriver det som att Ryssland \u201dtestar oss utan att starta krig\u201d.<\/p>\n<p>Omni \u00e4r politiskt obundna och oberoende. Vi str\u00e4var efter att ge fler perspektiv p\u00e5 nyheterna. Har du fr\u00e5gor eller synpunkter kring v\u00e5r rapportering? <a href=\"https:\/\/omni.se\/polen-starker-gransen-med-dronarforsvar-for-miljarder\/a\/mailto:redaktion@omni.se\" class=\"ArticleActions_contactLink__W2F1M\" rel=\"nofollow noopener\" target=\"_blank\">Kontakta redaktionen<\/a><\/p>\n","protected":false},"excerpt":{"rendered":"Polen ska f\u00f6rst\u00e4rka sin \u00f6stra gr\u00e4ns med antidr\u00f6narf\u00f6rsvar f\u00f6r motsvarande \u00f6ver 20 miljarder kronor, uppger bitr\u00e4dande f\u00f6rsvarsminister Cezary&hellip;\n","protected":false},"author":2,"featured_media":118631,"comment_status":"","ping_status":"","sticky":false,"template":"","format":"standard","meta":{"footnotes":""},"categories":[14],"tags":[948,22,23,267,26,27,17,21,24,25,28,29,15,16,1912,5698,18,269,264,34,31,33,32,30,19,20,263,51,52,53,54],"class_list":{"0":"post-118630","1":"post","2":"type-post","3":"status-publish","4":"format-standard","5":"has-post-thumbnail","7":"category-varlden","8":"tag-belarus","9":"tag-breaking-news","10":"tag-breakingnews","11":"tag-europa","12":"tag-featured-news","13":"tag-featurednews","14":"tag-headlines","15":"tag-huvudnyheter","16":"tag-latest-news","17":"tag-latestnews","18":"tag-main-news","19":"tag-mainnews","20":"tag-news","21":"tag-nyheter","22":"tag-polen","23":"tag-radoslaw-sikorski","24":"tag-rubriker","25":"tag-ryska-invasionen","26":"tag-ryssland","27":"tag-se","28":"tag-svenska","29":"tag-sverige","30":"tag-sweden","31":"tag-swedish","32":"tag-top-stories","33":"tag-topstories","34":"tag-ukraina","35":"tag-varlden","36":"tag-world","37":"tag-world-news","38":"tag-worldnews"},"share_on_mastodon":{"url":"https:\/\/pubeurope.com\/@se\/115792910974012730","error":""},"_links":{"self":[{"href":"https:\/\/www.europesays.com\/se\/wp-json\/wp\/v2\/posts\/118630","targetHints":{"allow":["GET"]}}],"collection":[{"href":"https:\/\/www.europesays.com\/se\/wp-json\/wp\/v2\/posts"}],"about":[{"href":"https:\/\/www.europesays.com\/se\/wp-json\/wp\/v2\/types\/post"}],"author":[{"embeddable":true,"href":"https:\/\/www.europesays.com\/se\/wp-json\/wp\/v2\/users\/2"}],"replies":[{"embeddable":true,"href":"https:\/\/www.europesays.com\/se\/wp-json\/wp\/v2\/comments?post=118630"}],"version-history":[{"count":0,"href":"https:\/\/www.europesays.com\/se\/wp-json\/wp\/v2\/posts\/118630\/revisions"}],"wp:featuredmedia":[{"embeddable":true,"href":"https:\/\/www.europesays.com\/se\/wp-json\/wp\/v2\/media\/118631"}],"wp:attachment":[{"href":"https:\/\/www.europesays.com\/se\/wp-json\/wp\/v2\/media?parent=118630"}],"wp:term":[{"taxonomy":"category","embeddable":true,"href":"https:\/\/www.europesays.com\/se\/wp-json\/wp\/v2\/categories?post=118630"},{"taxonomy":"post_tag","embeddable":true,"href":"https:\/\/www.europesays.com\/se\/wp-json\/wp\/v2\/tags?post=118630"}],"curies":[{"name":"wp","href":"https:\/\/api.w.org\/{rel}","templated":true}]}}