{"id":118647,"date":"2025-12-27T18:35:12","date_gmt":"2025-12-27T18:35:12","guid":{"rendered":"https:\/\/www.europesays.com\/se\/118647\/"},"modified":"2025-12-27T18:35:12","modified_gmt":"2025-12-27T18:35:12","slug":"hundratusentals-utan-el-efter-anfall-mot-kiev","status":"publish","type":"post","link":"https:\/\/www.europesays.com\/se\/118647\/","title":{"rendered":"Hundratusentals utan el efter anfall mot Kiev"},"content":{"rendered":"<p>Kievregionens guvern\u00f6r Mykola Kalasjnyk skriver p\u00e5 Telegram att en civilperson d\u00f6tt och hela 320\u00a0000 saknar el och v\u00e4rme. I staden Kiev, d\u00e4r temperaturen ligger runt nollan, \u00e4r \u00f6ver 2\u00a0600 bostadshus, 187 f\u00f6rskolor och 138 skolor utan v\u00e4rme, skriver borgm\u00e4stare Vitalij Klytjko p\u00e5 samma plattform. Nattens intensiva ryska attacker mot fr\u00e4mst energianl\u00e4ggningar skedde med<\/p>\n","protected":false},"excerpt":{"rendered":"Kievregionens guvern\u00f6r Mykola Kalasjnyk skriver p\u00e5 Telegram att en civilperson d\u00f6tt och hela 320\u00a0000 saknar el och v\u00e4rme.&hellip;\n","protected":false},"author":2,"featured_media":118648,"comment_status":"","ping_status":"","sticky":false,"template":"","format":"standard","meta":{"footnotes":""},"categories":[14],"tags":[22,23,26,27,17,21,24,25,28,29,15,16,18,34,31,33,32,30,19,20,51,52,53,54],"class_list":{"0":"post-118647","1":"post","2":"type-post","3":"status-publish","4":"format-standard","5":"has-post-thumbnail","7":"category-varlden","8":"tag-breaking-news","9":"tag-breakingnews","10":"tag-featured-news","11":"tag-featurednews","12":"tag-headlines","13":"tag-huvudnyheter","14":"tag-latest-news","15":"tag-latestnews","16":"tag-main-news","17":"tag-mainnews","18":"tag-news","19":"tag-nyheter","20":"tag-rubriker","21":"tag-se","22":"tag-svenska","23":"tag-sverige","24":"tag-sweden","25":"tag-swedish","26":"tag-top-stories","27":"tag-topstories","28":"tag-varlden","29":"tag-world","30":"tag-world-news","31":"tag-worldnews"},"share_on_mastodon":{"url":"https:\/\/pubeurope.com\/@se\/115792977811949686","error":""},"_links":{"self":[{"href":"https:\/\/www.europesays.com\/se\/wp-json\/wp\/v2\/posts\/118647","targetHints":{"allow":["GET"]}}],"collection":[{"href":"https:\/\/www.europesays.com\/se\/wp-json\/wp\/v2\/posts"}],"about":[{"href":"https:\/\/www.europesays.com\/se\/wp-json\/wp\/v2\/types\/post"}],"author":[{"embeddable":true,"href":"https:\/\/www.europesays.com\/se\/wp-json\/wp\/v2\/users\/2"}],"replies":[{"embeddable":true,"href":"https:\/\/www.europesays.com\/se\/wp-json\/wp\/v2\/comments?post=118647"}],"version-history":[{"count":0,"href":"https:\/\/www.europesays.com\/se\/wp-json\/wp\/v2\/posts\/118647\/revisions"}],"wp:featuredmedia":[{"embeddable":true,"href":"https:\/\/www.europesays.com\/se\/wp-json\/wp\/v2\/media\/118648"}],"wp:attachment":[{"href":"https:\/\/www.europesays.com\/se\/wp-json\/wp\/v2\/media?parent=118647"}],"wp:term":[{"taxonomy":"category","embeddable":true,"href":"https:\/\/www.europesays.com\/se\/wp-json\/wp\/v2\/categories?post=118647"},{"taxonomy":"post_tag","embeddable":true,"href":"https:\/\/www.europesays.com\/se\/wp-json\/wp\/v2\/tags?post=118647"}],"curies":[{"name":"wp","href":"https:\/\/api.w.org\/{rel}","templated":true}]}}