{"id":118649,"date":"2025-12-27T18:37:17","date_gmt":"2025-12-27T18:37:17","guid":{"rendered":"https:\/\/www.europesays.com\/se\/118649\/"},"modified":"2025-12-27T18:37:17","modified_gmt":"2025-12-27T18:37:17","slug":"hv71s-skadekris-vaxer-nu-saknas-14-spelare-shl","status":"publish","type":"post","link":"https:\/\/www.europesays.com\/se\/118649\/","title":{"rendered":"HV71:s skadekris v\u00e4xer \u2013 nu saknas 14 (!) spelare | SHL"},"content":{"rendered":"<p>Publicerad 27 dec 2025 kl 14.52Uppdaterad kl 15.49<\/p>\n<p>Inf\u00f6r fredagens omg\u00e5ng saknade HV71 totalt elva spelare.<\/p>\n<p>Nu ser fr\u00e5nvarolistan att ha ut\u00f6kats med ytterligare tre namn, enligt JP.<\/p>\n<p>Fina gesten: V\u00e4nnerna ska ha varandra p\u00e5 hj\u00e4lmen<img   alt=\"\"\/><\/p>\n<p>Anton Blomqvist har en del att t\u00e4nka p\u00e5.<\/p>\n<p>Foto: SIMON ELIASSON \/ BILDBYR\u00c5N<\/p>\n<p>\u00d6ppna bild i helsk\u00e4rm<\/p>\n<p>Trots att J\u00f6nk\u00f6pingslaget efter m\u00f6tet med \u00d6rebro fick fira en seger skapades nya bryderier i HV-l\u00e4gret under l\u00f6rdagen.<\/p>\n<p>Anledningen? Den d\u00e4r tr\u00e5kiga listan kan nu g\u00f6ras \u00e4nnu l\u00e4ngre.<\/p>\n<p>Totalt saknades elva spelare under fredagen som hade varit aktuella f\u00f6r spel. \u00c5tta av dem med skador, en nionde i Lucas Lagerberg som var sjuk, plus duon som \u00e5terfinns p\u00e5 JVM i Nordamerika, Jamiro Reber och Vashek Blan\u00e1r.<\/p>\n<p>\u2013 Vi beh\u00f6ver lyfta upp folk. S\u00e5 stort cred till v\u00e5r juniorsida och grabbarna som lagt ned jobbet, sade Anton Blomqvist efter fredagens seger<\/p>\n<p>V\u00e4l under l\u00f6rdagen tr\u00e4nade laget inf\u00f6r s\u00f6ndagens SHL-m\u00f6te med R\u00f6gle.<\/p>\n<p>\u201d\u00c4r fr\u00e5getecken\u201d<\/p>\n<p>D\u00e5 saknades ytterligare tre (!) spelare vilket skulle inneb\u00e4ra att fr\u00e5nvarolistan nu \u00e4r 14 (!) namn l\u00e5ng med A-lagsaktuella spelare. Mer exakt var det Karl Annborn, Justin Kloos och Jonathan Ang som saknades.<\/p>\n<p>\u2013 De \u00e4r fr\u00e5getecken, s\u00e4ger tr\u00e4naren Anton Blomqvist till JP.<\/p>\n<p>Det \u00e4r allts\u00e5 os\u00e4kert om trion kommer till spel under s\u00f6ndagen.<\/p>\n<p>\u2013 Det vet jag inte \u00e4n, det f\u00e5r vi se, s\u00e4ger han.<\/p>\n<p>Sedan tidigare har backen Karl Annborn kallats tillbaka fr\u00e5n sitt l\u00e5n i V\u00e4ster\u00e5s och mot \u00d6rebro fick Malte Gustafsson debutera i SHL. N\u00e5gon ny uppdatering om Lucas Lagerbergs sjukdom har dock inte l\u00e4mnats.<\/p>\n<p>Spelarna som saknas i HV71<\/p>\n<p><strong>Joona Luoto<\/strong> (skadad, tr\u00e4nar med laget), <strong>Frederik Dichow<\/strong> (skadad, tr\u00e4nar med laget och hoppas p\u00e5 spel n\u00e4sta vecka), <strong>Oskar St\u00e5l Lyren\u00e4s<\/strong> (skadad, men hoppas p\u00e5 tr\u00e4ning med laget i n\u00e4sta vecka), <strong>Andreas Borgman<\/strong> (skadad, finns f\u00f6rhoppningar p\u00e5 spel n\u00e4sta vecka), <strong>Hampus Eriksson<\/strong> (skadad, tillg\u00e4nglig f\u00f6rst om ett par veckor), <strong>Isac Br\u00e4nnstr\u00f6m <\/strong>(skadad), <strong>Santeri Hatakka <\/strong>(skadad), <strong>Aleksi Heponiemi <\/strong>(skadad), <strong>Justin Kloos<\/strong> (ej kommunicerat), <strong>Jonathan Ang<\/strong> (ej kommunicerat), <strong>Karl Annborn<\/strong> (ej kommunicerat), <strong>Lucas Lagerberg<\/strong> (sjuk), <strong>Jamiro Reber<\/strong> (junior-VM), <strong>Vashek Blan\u00e1r<\/strong> (junior-VM)<\/p>\n<p>Klubben har kommunicerat om de skadade spelarna i sina egna kanaler.<\/p>\n<p>Visa mer<\/p>\n","protected":false},"excerpt":{"rendered":"Publicerad 27 dec 2025 kl 14.52Uppdaterad kl 15.49 Inf\u00f6r fredagens omg\u00e5ng saknade HV71 totalt elva spelare. Nu ser&hellip;\n","protected":false},"author":2,"featured_media":118650,"comment_status":"","ping_status":"","sticky":false,"template":"","format":"standard","meta":{"footnotes":""},"categories":[5],"tags":[22,23,26,27,17,21,24,25,28,29,15,16,1354,18,34,255,823,31,33,32,30,19,20],"class_list":{"0":"post-118649","1":"post","2":"type-post","3":"status-publish","4":"format-standard","5":"has-post-thumbnail","7":"category-rubriker","8":"tag-breaking-news","9":"tag-breakingnews","10":"tag-featured-news","11":"tag-featurednews","12":"tag-headlines","13":"tag-huvudnyheter","14":"tag-latest-news","15":"tag-latestnews","16":"tag-main-news","17":"tag-mainnews","18":"tag-news","19":"tag-nyheter","20":"tag-organization-hv71","21":"tag-rubriker","22":"tag-se","23":"tag-sections-ishockey","24":"tag-sections-shl","25":"tag-svenska","26":"tag-sverige","27":"tag-sweden","28":"tag-swedish","29":"tag-top-stories","30":"tag-topstories"},"share_on_mastodon":{"url":"https:\/\/pubeurope.com\/@se\/115792985685948511","error":""},"_links":{"self":[{"href":"https:\/\/www.europesays.com\/se\/wp-json\/wp\/v2\/posts\/118649","targetHints":{"allow":["GET"]}}],"collection":[{"href":"https:\/\/www.europesays.com\/se\/wp-json\/wp\/v2\/posts"}],"about":[{"href":"https:\/\/www.europesays.com\/se\/wp-json\/wp\/v2\/types\/post"}],"author":[{"embeddable":true,"href":"https:\/\/www.europesays.com\/se\/wp-json\/wp\/v2\/users\/2"}],"replies":[{"embeddable":true,"href":"https:\/\/www.europesays.com\/se\/wp-json\/wp\/v2\/comments?post=118649"}],"version-history":[{"count":0,"href":"https:\/\/www.europesays.com\/se\/wp-json\/wp\/v2\/posts\/118649\/revisions"}],"wp:featuredmedia":[{"embeddable":true,"href":"https:\/\/www.europesays.com\/se\/wp-json\/wp\/v2\/media\/118650"}],"wp:attachment":[{"href":"https:\/\/www.europesays.com\/se\/wp-json\/wp\/v2\/media?parent=118649"}],"wp:term":[{"taxonomy":"category","embeddable":true,"href":"https:\/\/www.europesays.com\/se\/wp-json\/wp\/v2\/categories?post=118649"},{"taxonomy":"post_tag","embeddable":true,"href":"https:\/\/www.europesays.com\/se\/wp-json\/wp\/v2\/tags?post=118649"}],"curies":[{"name":"wp","href":"https:\/\/api.w.org\/{rel}","templated":true}]}}