{"id":118661,"date":"2025-12-27T18:52:09","date_gmt":"2025-12-27T18:52:09","guid":{"rendered":"https:\/\/www.europesays.com\/se\/118661\/"},"modified":"2025-12-27T18:52:09","modified_gmt":"2025-12-27T18:52:09","slug":"tagforseningar-mellan-stockholm-och-goteborg","status":"publish","type":"post","link":"https:\/\/www.europesays.com\/se\/118661\/","title":{"rendered":"T\u00e5gf\u00f6rseningar mellan Stockholm och G\u00f6teborg"},"content":{"rendered":"<p>T\u00e5gtrafiken mellan G\u00f6teborg och Stockholm f\u00f6rsenas efter en olycka i Floda, rapporterar GP. Det \u00e4r totalstopp mellan Lerum och Norsesund, enligt Trafikverkets hemsida som uppskattar att trafiken p\u00e5verkas fram till klockan 22. <\/p>\n<p>Det \u00e4r \u00e4ven stopp mellan Borl\u00e4nge och Mora p\u00e5 grund av ett elfel, rapporterar SR:s trafikredaktion. <\/p>\n<p>Omni \u00e4r politiskt obundna och oberoende. Vi str\u00e4var efter att ge fler perspektiv p\u00e5 nyheterna. Har du fr\u00e5gor eller synpunkter kring v\u00e5r rapportering? <a href=\"https:\/\/omni.se\/tagstopp-mellan-stockholm-och-goteborg-fram-till-klockan-22\/a\/mailto:redaktion@omni.se\" class=\"ArticleActions_contactLink__W2F1M\" rel=\"nofollow noopener\" target=\"_blank\">Kontakta redaktionen<\/a><\/p>\n","protected":false},"excerpt":{"rendered":"T\u00e5gtrafiken mellan G\u00f6teborg och Stockholm f\u00f6rsenas efter en olycka i Floda, rapporterar GP. Det \u00e4r totalstopp mellan Lerum&hellip;\n","protected":false},"author":2,"featured_media":118662,"comment_status":"","ping_status":"","sticky":false,"template":"","format":"standard","meta":{"footnotes":""},"categories":[12],"tags":[22,23,26,27,1083,17,21,24,25,28,29,15,16,18,34,258,127,31,33,32,30,19,20,1841,1084],"class_list":{"0":"post-118661","1":"post","2":"type-post","3":"status-publish","4":"format-standard","5":"has-post-thumbnail","7":"category-sverige","8":"tag-breaking-news","9":"tag-breakingnews","10":"tag-featured-news","11":"tag-featurednews","12":"tag-goteborg","13":"tag-headlines","14":"tag-huvudnyheter","15":"tag-latest-news","16":"tag-latestnews","17":"tag-main-news","18":"tag-mainnews","19":"tag-news","20":"tag-nyheter","21":"tag-rubriker","22":"tag-se","23":"tag-stockholm","24":"tag-stockholms-lan","25":"tag-svenska","26":"tag-sverige","27":"tag-sweden","28":"tag-swedish","29":"tag-top-stories","30":"tag-topstories","31":"tag-trafikverket","32":"tag-vastra-gotalands-lan"},"share_on_mastodon":{"url":"https:\/\/pubeurope.com\/@se\/115793044718428717","error":""},"_links":{"self":[{"href":"https:\/\/www.europesays.com\/se\/wp-json\/wp\/v2\/posts\/118661","targetHints":{"allow":["GET"]}}],"collection":[{"href":"https:\/\/www.europesays.com\/se\/wp-json\/wp\/v2\/posts"}],"about":[{"href":"https:\/\/www.europesays.com\/se\/wp-json\/wp\/v2\/types\/post"}],"author":[{"embeddable":true,"href":"https:\/\/www.europesays.com\/se\/wp-json\/wp\/v2\/users\/2"}],"replies":[{"embeddable":true,"href":"https:\/\/www.europesays.com\/se\/wp-json\/wp\/v2\/comments?post=118661"}],"version-history":[{"count":0,"href":"https:\/\/www.europesays.com\/se\/wp-json\/wp\/v2\/posts\/118661\/revisions"}],"wp:featuredmedia":[{"embeddable":true,"href":"https:\/\/www.europesays.com\/se\/wp-json\/wp\/v2\/media\/118662"}],"wp:attachment":[{"href":"https:\/\/www.europesays.com\/se\/wp-json\/wp\/v2\/media?parent=118661"}],"wp:term":[{"taxonomy":"category","embeddable":true,"href":"https:\/\/www.europesays.com\/se\/wp-json\/wp\/v2\/categories?post=118661"},{"taxonomy":"post_tag","embeddable":true,"href":"https:\/\/www.europesays.com\/se\/wp-json\/wp\/v2\/tags?post=118661"}],"curies":[{"name":"wp","href":"https:\/\/api.w.org\/{rel}","templated":true}]}}