{"id":118663,"date":"2025-12-27T18:53:09","date_gmt":"2025-12-27T18:53:09","guid":{"rendered":"https:\/\/www.europesays.com\/se\/118663\/"},"modified":"2025-12-27T18:53:09","modified_gmt":"2025-12-27T18:53:09","slug":"forskare-loser-gatan-om-mystisk-bergskedja-dold-pa-antarktis-har-lurat-doden-i-flera-miljoner-ar","status":"publish","type":"post","link":"https:\/\/www.europesays.com\/se\/118663\/","title":{"rendered":"Forskare l\u00f6ser g\u00e5tan om mystisk bergskedja dold p\u00e5 Antarktis: Har lurat d\u00f6den i flera miljoner \u00e5r"},"content":{"rendered":"<p>N\u00e4r den tre kilometer tjocka isen som t\u00e4cker \u00f6stra Antarktis en dag sm\u00e4lter, kommer m\u00e4nskligheten att m\u00f6ta en h\u00e4pnadsv\u00e4ckande syn.<\/p>\n<p>En enorm bergskedja lika stor som Alperna g\u00e5r genom kontinenten som en frusen ryggrad \u2013 p\u00e5 en plats d\u00e4r berg borde ha slitits ner och f\u00f6rsvunnit f\u00f6r l\u00e4nge sedan.<\/p>\n<p>Den mystiska bergskedjan har namnet Gamburtsev och har satt myror i huvudet p\u00e5 experter i \u00e5rtionden, f\u00f6r hur har bergen \u00f6verlevt kollisioner, kollaps och massiva ismassor i 650 miljoner \u00e5r?<\/p>\n<p>Nu kan de \u00e4ntligen ha l\u00f6st mysteriet.<\/p>\n<p>Enligt tv\u00e5 australiska polarforskare, Nathan Daczko och Jacqueline Halpin, har bergskedjan inte bara lurat tiden, utan \u00e4ven d\u00f6den med ett geologiskt trick som mest liknar \u2013 en gummianka.<\/p>\n","protected":false},"excerpt":{"rendered":"N\u00e4r den tre kilometer tjocka isen som t\u00e4cker \u00f6stra Antarktis en dag sm\u00e4lter, kommer m\u00e4nskligheten att m\u00f6ta en&hellip;\n","protected":false},"author":2,"featured_media":118664,"comment_status":"","ping_status":"","sticky":false,"template":"","format":"standard","meta":{"footnotes":""},"categories":[5],"tags":[22,23,26,27,17,21,24,25,28,29,15,16,18,34,31,33,32,30,19,20],"class_list":{"0":"post-118663","1":"post","2":"type-post","3":"status-publish","4":"format-standard","5":"has-post-thumbnail","7":"category-rubriker","8":"tag-breaking-news","9":"tag-breakingnews","10":"tag-featured-news","11":"tag-featurednews","12":"tag-headlines","13":"tag-huvudnyheter","14":"tag-latest-news","15":"tag-latestnews","16":"tag-main-news","17":"tag-mainnews","18":"tag-news","19":"tag-nyheter","20":"tag-rubriker","21":"tag-se","22":"tag-svenska","23":"tag-sverige","24":"tag-sweden","25":"tag-swedish","26":"tag-top-stories","27":"tag-topstories"},"share_on_mastodon":{"url":"https:\/\/pubeurope.com\/@se\/115793048624339648","error":""},"_links":{"self":[{"href":"https:\/\/www.europesays.com\/se\/wp-json\/wp\/v2\/posts\/118663","targetHints":{"allow":["GET"]}}],"collection":[{"href":"https:\/\/www.europesays.com\/se\/wp-json\/wp\/v2\/posts"}],"about":[{"href":"https:\/\/www.europesays.com\/se\/wp-json\/wp\/v2\/types\/post"}],"author":[{"embeddable":true,"href":"https:\/\/www.europesays.com\/se\/wp-json\/wp\/v2\/users\/2"}],"replies":[{"embeddable":true,"href":"https:\/\/www.europesays.com\/se\/wp-json\/wp\/v2\/comments?post=118663"}],"version-history":[{"count":0,"href":"https:\/\/www.europesays.com\/se\/wp-json\/wp\/v2\/posts\/118663\/revisions"}],"wp:featuredmedia":[{"embeddable":true,"href":"https:\/\/www.europesays.com\/se\/wp-json\/wp\/v2\/media\/118664"}],"wp:attachment":[{"href":"https:\/\/www.europesays.com\/se\/wp-json\/wp\/v2\/media?parent=118663"}],"wp:term":[{"taxonomy":"category","embeddable":true,"href":"https:\/\/www.europesays.com\/se\/wp-json\/wp\/v2\/categories?post=118663"},{"taxonomy":"post_tag","embeddable":true,"href":"https:\/\/www.europesays.com\/se\/wp-json\/wp\/v2\/tags?post=118663"}],"curies":[{"name":"wp","href":"https:\/\/api.w.org\/{rel}","templated":true}]}}