{"id":118671,"date":"2025-12-27T19:02:43","date_gmt":"2025-12-27T19:02:43","guid":{"rendered":"https:\/\/www.europesays.com\/se\/118671\/"},"modified":"2025-12-27T19:02:43","modified_gmt":"2025-12-27T19:02:43","slug":"trump-och-zelenskyj-i-samtal-med-eu-ledare","status":"publish","type":"post","link":"https:\/\/www.europesays.com\/se\/118671\/","title":{"rendered":"Trump och Zelenskyj i samtal med EU-ledare"},"content":{"rendered":"<p><strong>Telefonkonferensen <\/strong>ska innefatta flera europeiska ledare och h\u00e5lls under l\u00f6rdagen, skriver <a href=\"https:\/\/www.theguardian.com\/world\/2025\/dec\/27\/zelenskyy-to-meet-european-leaders-and-trump-for-ukraine-peace-talks-amid-fresh-strikes-on-kyiv\" rel=\"nofollow noopener\" target=\"_blank\">The Guardian<\/a> med h\u00e4nvisning till bland andra Reuters.<\/p>\n<p>Det sker samtidigt som intensiva f\u00f6rs\u00f6k p\u00e5g\u00e5r f\u00f6r att f\u00e5 till en fredsuppg\u00f6relse f\u00f6r Ukrainakriget och dagen innan Volodymyr Zelenskyj och Donald Trump tr\u00e4ffas personligen i Florida.\u00a0<\/p>\n<p><strong>M\u00f6tet \u00e4r ett tecken<\/strong> p\u00e5 att stora framsteg gjorts i f\u00f6rhandlingarna, skriver nyhetssajten <a href=\"https:\/\/www.axios.com\/2025\/12\/26\/zelensky-trump-meet-ukraine-peace-plan\" rel=\"nofollow noopener\" target=\"_blank\">Axios<\/a>. Detta med h\u00e4nvisning till att Trump tidigare sagt att han enbart g\u00e5r in i ett m\u00f6te med Zelenskyj om han k\u00e4nner att en \u201ddeal\u201d \u00e4r n\u00e4ra. \u00a0<\/p>\n<p>Den senaste f\u00f6rhandlingsrundan mellan USA och Ukraina har resulterat i en 20-punktsplan f\u00f6r att avsluta det ryska anfallskriget. Utkastet har skickats till Moskva. F\u00f6rutom den \u00f6vergripande planen ligger bland annat separata dokument g\u00e4llande s\u00e4kerhetsgarantier p\u00e5 bordet, enligt nyhetsbyr\u00e5er.\u00a0<\/p>\n<p><strong>Huruvida Ukraina<\/strong> kan g\u00e5 med p\u00e5 territoriella eftergifter \u00a0har varit en nyckelfr\u00e5ga i samtalen. Bland de mer k\u00e4nsliga \u00e4mnena som ska diskuteras, enligt uppgifter fr\u00e5n Zelenskyj till AFP, \u00e4r omr\u00e5det Donbass och k\u00e4rnkraftverket i Zaporizjzja.<\/p>\n<p>Den ukrainske presidenten sade p\u00e5 fredagen till Axios att han kan t\u00e4nka sig att h\u00e5lla en folkomr\u00f6stning om fredsplanen \u2013 om \u00a0Ryssland g\u00e5r med p\u00e5 en 60 dagar l\u00e5ng vapenvila.<\/p>\n","protected":false},"excerpt":{"rendered":"Telefonkonferensen ska innefatta flera europeiska ledare och h\u00e5lls under l\u00f6rdagen, skriver The Guardian med h\u00e4nvisning till bland andra&hellip;\n","protected":false},"author":2,"featured_media":118672,"comment_status":"","ping_status":"","sticky":false,"template":"","format":"standard","meta":{"footnotes":""},"categories":[5],"tags":[22,23,26,27,17,21,24,25,28,29,15,16,18,34,31,33,32,30,19,20],"class_list":{"0":"post-118671","1":"post","2":"type-post","3":"status-publish","4":"format-standard","5":"has-post-thumbnail","7":"category-rubriker","8":"tag-breaking-news","9":"tag-breakingnews","10":"tag-featured-news","11":"tag-featurednews","12":"tag-headlines","13":"tag-huvudnyheter","14":"tag-latest-news","15":"tag-latestnews","16":"tag-main-news","17":"tag-mainnews","18":"tag-news","19":"tag-nyheter","20":"tag-rubriker","21":"tag-se","22":"tag-svenska","23":"tag-sverige","24":"tag-sweden","25":"tag-swedish","26":"tag-top-stories","27":"tag-topstories"},"share_on_mastodon":{"url":"https:\/\/pubeurope.com\/@se\/115793083995294919","error":""},"_links":{"self":[{"href":"https:\/\/www.europesays.com\/se\/wp-json\/wp\/v2\/posts\/118671","targetHints":{"allow":["GET"]}}],"collection":[{"href":"https:\/\/www.europesays.com\/se\/wp-json\/wp\/v2\/posts"}],"about":[{"href":"https:\/\/www.europesays.com\/se\/wp-json\/wp\/v2\/types\/post"}],"author":[{"embeddable":true,"href":"https:\/\/www.europesays.com\/se\/wp-json\/wp\/v2\/users\/2"}],"replies":[{"embeddable":true,"href":"https:\/\/www.europesays.com\/se\/wp-json\/wp\/v2\/comments?post=118671"}],"version-history":[{"count":0,"href":"https:\/\/www.europesays.com\/se\/wp-json\/wp\/v2\/posts\/118671\/revisions"}],"wp:featuredmedia":[{"embeddable":true,"href":"https:\/\/www.europesays.com\/se\/wp-json\/wp\/v2\/media\/118672"}],"wp:attachment":[{"href":"https:\/\/www.europesays.com\/se\/wp-json\/wp\/v2\/media?parent=118671"}],"wp:term":[{"taxonomy":"category","embeddable":true,"href":"https:\/\/www.europesays.com\/se\/wp-json\/wp\/v2\/categories?post=118671"},{"taxonomy":"post_tag","embeddable":true,"href":"https:\/\/www.europesays.com\/se\/wp-json\/wp\/v2\/tags?post=118671"}],"curies":[{"name":"wp","href":"https:\/\/api.w.org\/{rel}","templated":true}]}}