{"id":118684,"date":"2025-12-27T19:15:23","date_gmt":"2025-12-27T19:15:23","guid":{"rendered":"https:\/\/www.europesays.com\/se\/118684\/"},"modified":"2025-12-27T19:15:23","modified_gmt":"2025-12-27T19:15:23","slug":"sebastian-ingrosso-far-ratt-i-djursholmstvisten","status":"publish","type":"post","link":"https:\/\/www.europesays.com\/se\/118684\/","title":{"rendered":"Sebastian Ingrosso f\u00e5r r\u00e4tt i Djursholmstvisten"},"content":{"rendered":"<p>Swedish House Mafia\u2011stj\u00e4rnan Sebastian Ingrosso och frun Kinda f\u00e5r r\u00e4tt mot grannarna i en tvist om en grindstolpe och en h\u00f6g h\u00e4ck vid deras tidigare villa i Djursholm, skriver Expressen. <\/p>\n<p>Grannarna menade att h\u00e4cken st\u00f6rde b\u00e5de deras s\u00f6mn och sikt.<\/p>\n<p>\u201dN\u00e4r bes\u00f6kare till (Ingrosso) v\u00e4nder sina bilar och anl\u00e4nder till K\u00e4randens v\u00e4nd\/parkeringsplats f\u00f6r att g\u00f6ra det, lyser str\u00e5lkastarna rakt mot K\u00e4randens bostadshus, och st\u00f6r bland annat s\u00f6mn\u201d, skrev de.<\/p>\n<p>Attunda tingsr\u00e4tt avskriver m\u00e5let och d\u00f6mer grannarna att betala Ingrossos r\u00e4tteg\u00e5ngskostnader p\u00e5 187\u202f500 kronor.<\/p>\n<p>Omni \u00e4r politiskt obundna och oberoende. Vi str\u00e4var efter att ge fler perspektiv p\u00e5 nyheterna. Har du fr\u00e5gor eller synpunkter kring v\u00e5r rapportering? <a href=\"https:\/\/omni.se\/sebastian-ingrosso-far-ratt-i-djursholmstvisten\/a\/mailto:redaktion@omni.se\" class=\"ArticleActions_contactLink__W2F1M\" rel=\"nofollow noopener\" target=\"_blank\">Kontakta redaktionen<\/a><\/p>\n","protected":false},"excerpt":{"rendered":"Swedish House Mafia\u2011stj\u00e4rnan Sebastian Ingrosso och frun Kinda f\u00e5r r\u00e4tt mot grannarna i en tvist om en grindstolpe&hellip;\n","protected":false},"author":2,"featured_media":118685,"comment_status":"","ping_status":"","sticky":false,"template":"","format":"standard","meta":{"footnotes":""},"categories":[67],"tags":[1327,104,34,12696,31,33,32,30,105],"class_list":{"0":"post-118684","1":"post","2":"type-post","3":"status-publish","4":"format-standard","5":"has-post-thumbnail","7":"category-underhallning","8":"tag-bygg-fastighet","9":"tag-entertainment","10":"tag-se","11":"tag-sebastian-ingrosso","12":"tag-svenska","13":"tag-sverige","14":"tag-sweden","15":"tag-swedish","16":"tag-underhallning"},"share_on_mastodon":{"url":"https:\/\/pubeurope.com\/@se\/115793135112249825","error":""},"_links":{"self":[{"href":"https:\/\/www.europesays.com\/se\/wp-json\/wp\/v2\/posts\/118684","targetHints":{"allow":["GET"]}}],"collection":[{"href":"https:\/\/www.europesays.com\/se\/wp-json\/wp\/v2\/posts"}],"about":[{"href":"https:\/\/www.europesays.com\/se\/wp-json\/wp\/v2\/types\/post"}],"author":[{"embeddable":true,"href":"https:\/\/www.europesays.com\/se\/wp-json\/wp\/v2\/users\/2"}],"replies":[{"embeddable":true,"href":"https:\/\/www.europesays.com\/se\/wp-json\/wp\/v2\/comments?post=118684"}],"version-history":[{"count":0,"href":"https:\/\/www.europesays.com\/se\/wp-json\/wp\/v2\/posts\/118684\/revisions"}],"wp:featuredmedia":[{"embeddable":true,"href":"https:\/\/www.europesays.com\/se\/wp-json\/wp\/v2\/media\/118685"}],"wp:attachment":[{"href":"https:\/\/www.europesays.com\/se\/wp-json\/wp\/v2\/media?parent=118684"}],"wp:term":[{"taxonomy":"category","embeddable":true,"href":"https:\/\/www.europesays.com\/se\/wp-json\/wp\/v2\/categories?post=118684"},{"taxonomy":"post_tag","embeddable":true,"href":"https:\/\/www.europesays.com\/se\/wp-json\/wp\/v2\/tags?post=118684"}],"curies":[{"name":"wp","href":"https:\/\/api.w.org\/{rel}","templated":true}]}}